{"id":77756,"date":"2025-10-13T00:09:45","date_gmt":"2025-10-13T06:09:45","guid":{"rendered":"https:\/\/informativoelvalledeaguascalientes.online\/?p=77756"},"modified":"2025-10-13T00:09:45","modified_gmt":"2025-10-13T06:09:45","slug":"conmemora-municipio-ags-450-aniversario-de-la-ciudad-con-exitosa-san-marqueada","status":"publish","type":"post","link":"https:\/\/informativoelvalledeaguascalientes.online\/?p=77756","title":{"rendered":"CONMEMORA MUNICIPIO AGS. 450 ANIVERSARIO DE LA CIUDAD CON EXITOSA SAN MARQUEADA"},"content":{"rendered":"<p class=\"p1\">#informativoelvalledeaguascalientes<span class=\"Apple-converted-space\">\u00a0 <\/span>#novaradioaguascalientes #informativoelvalledeaguascalientesll #Aguascalientes<\/p>\n<p>&nbsp;<\/p>\n<ul>\n<li><strong>Con gran \u00e9xito se llev\u00f3 a cabo la San Marqueada para conmemorar el 450 Aniversario de la ciudad<\/strong>.<\/li>\n<\/ul>\n<p>&nbsp;<\/p>\n<p>El presidente municipal,\u00a0<strong>Leo Monta\u00f1ez<\/strong>\u00a0encabez\u00f3 este recorrido, acompa\u00f1ado por la m\u00fasica en vivo de la banda La Tremenda y la presencia de coloridas mojigangas, que enriquecieron esta experiencia tur\u00edstico-cultural. Una forma diferente de vivir y redescubrir el coraz\u00f3n del centro hist\u00f3rico, tanto para visitantes como para quienes habitan nuestra ciudad.<\/p>\n<p>&nbsp;<\/p>\n<p>\u00abGracias a todas las familias por su esfuerzo para que Aguascalientes siga siendo tierra de gente honrada, con valores y alegre. \u00a1Qu\u00e9 viva Aguascalientes!\u00bb, indic\u00f3 el presidente en su mensaje.<\/p>\n<p>&nbsp;<\/p>\n<p>La exedra fue el punto de encuentro para que la ciudadan\u00eda celebrara el 450 Aniversario de Aguascalientes, con un emotivo canto de las ma\u00f1anitas y la tradicional partida del pastel. La fiesta cont\u00f3 con la participaci\u00f3n especial de la Tuna y Cuarentuna de la UAA, as\u00ed como del grupo \u201cVoces y Guitarras del Ayer\u201d, conformado por personas adultas mayores del DIF Municipal, llenando de m\u00fasica y alegr\u00eda esta gran conmemoraci\u00f3n.<\/p>\n<p>&nbsp;<\/p>\n<p><strong>David Enrique Mor\u00e1n Lomel\u00ed<\/strong>, titular de la Secretar\u00eda de Econom\u00eda y Turismo Municipal (Setum), agradeci\u00f3 la compa\u00f1\u00eda del diputado local,\u00a0<strong>Chava Alcal\u00e1<\/strong>, el regidor\u00a0<strong>Gustavo Adolfo Granados Corzo,<\/strong>\u00a0integrantes del Gabinete Municipal y del secretario de Turismo Estatal,\u00a0<strong>Mauricio Gonz\u00e1lez<\/strong>\u00a0durante el recorrido.<\/p>\n","protected":false},"excerpt":{"rendered":"<p>#informativoelvalledeaguascalientes\u00a0 #novaradioaguascalientes #informativoelvalledeaguascalientesll #Aguascalientes &nbsp; Con gran \u00e9xito se llev\u00f3 a cabo la San Marqueada para conmemorar el 450 Aniversario de la ciudad. &nbsp; El presidente municipal,\u00a0Leo Monta\u00f1ez\u00a0encabez\u00f3 este recorrido, acompa\u00f1ado por la m\u00fasica en vivo de la banda La Tremenda y la presencia de coloridas mojigangas, que enriquecieron esta experiencia tur\u00edstico-cultural. Una forma diferente [&hellip;]<\/p>\n","protected":false},"author":1,"featured_media":77757,"comment_status":"closed","ping_status":"open","sticky":false,"template":"","format":"standard","meta":{"advanced_seo_description":"","jetpack_seo_html_title":"","jetpack_seo_noindex":false,"_jetpack_memberships_contains_paid_content":false,"footnotes":"","jetpack_publicize_message":"","jetpack_publicize_feature_enabled":true,"jetpack_social_post_already_shared":true,"jetpack_social_options":{"image_generator_settings":{"template":"highway","default_image_id":0,"font":"","enabled":false},"version":2}},"categories":[21,3],"tags":[22,25],"class_list":["post-77756","post","type-post","status-publish","format-standard","has-post-thumbnail","hentry","category-aguascalientes","category-municipio-aguascalientes","tag-aguascalientes","tag-mpio-aguascalientes"],"jetpack_publicize_connections":[],"jetpack_featured_media_url":"https:\/\/i0.wp.com\/informativoelvalledeaguascalientes.online\/wp-content\/uploads\/2025\/10\/san-marqueada.jpg?fit=2560%2C1440&ssl=1","jetpack-related-posts":[],"jetpack_sharing_enabled":true,"jetpack_likes_enabled":true,"_links":{"self":[{"href":"https:\/\/informativoelvalledeaguascalientes.online\/index.php?rest_route=\/wp\/v2\/posts\/77756","targetHints":{"allow":["GET"]}}],"collection":[{"href":"https:\/\/informativoelvalledeaguascalientes.online\/index.php?rest_route=\/wp\/v2\/posts"}],"about":[{"href":"https:\/\/informativoelvalledeaguascalientes.online\/index.php?rest_route=\/wp\/v2\/types\/post"}],"author":[{"embeddable":true,"href":"https:\/\/informativoelvalledeaguascalientes.online\/index.php?rest_route=\/wp\/v2\/users\/1"}],"replies":[{"embeddable":true,"href":"https:\/\/informativoelvalledeaguascalientes.online\/index.php?rest_route=%2Fwp%2Fv2%2Fcomments&post=77756"}],"version-history":[{"count":1,"href":"https:\/\/informativoelvalledeaguascalientes.online\/index.php?rest_route=\/wp\/v2\/posts\/77756\/revisions"}],"predecessor-version":[{"id":77758,"href":"https:\/\/informativoelvalledeaguascalientes.online\/index.php?rest_route=\/wp\/v2\/posts\/77756\/revisions\/77758"}],"wp:featuredmedia":[{"embeddable":true,"href":"https:\/\/informativoelvalledeaguascalientes.online\/index.php?rest_route=\/wp\/v2\/media\/77757"}],"wp:attachment":[{"href":"https:\/\/informativoelvalledeaguascalientes.online\/index.php?rest_route=%2Fwp%2Fv2%2Fmedia&parent=77756"}],"wp:term":[{"taxonomy":"category","embeddable":true,"href":"https:\/\/informativoelvalledeaguascalientes.online\/index.php?rest_route=%2Fwp%2Fv2%2Fcategories&post=77756"},{"taxonomy":"post_tag","embeddable":true,"href":"https:\/\/informativoelvalledeaguascalientes.online\/index.php?rest_route=%2Fwp%2Fv2%2Ftags&post=77756"}],"curies":[{"name":"wp","href":"https:\/\/api.w.org\/{rel}","templated":true}]}}