{"id":77734,"date":"2025-10-12T23:03:17","date_gmt":"2025-10-13T05:03:17","guid":{"rendered":"https:\/\/informativoelvalledeaguascalientes.online\/?p=77734"},"modified":"2025-10-12T23:03:17","modified_gmt":"2025-10-13T05:03:17","slug":"%f0%9d%97%96%f0%9d%97%ae%f0%9d%97%b9%f0%9d%98%83%f0%9d%97%b6%f0%9d%97%b9%f0%9d%97%b9%f0%9d%97%bc-%f0%9d%97%95%f0%9d%97%bf%f0%9d%97%b6%f0%9d%97%b9%f0%9d%97%b9%f0%9d%97%ae","status":"publish","type":"post","link":"https:\/\/informativoelvalledeaguascalientes.online\/?p=77734","title":{"rendered":"\ud835\uddd6\ud835\uddee\ud835\uddf9\ud835\ude03\ud835\uddf6\ud835\uddf9\ud835\uddf9\ud835\uddfc \ud835\uddd5\ud835\uddff\ud835\uddf6\ud835\uddf9\ud835\uddf9\ud835\uddee"},"content":{"rendered":"<p class=\"p1\">#informativoelvalledeaguascalientes<span class=\"Apple-converted-space\">\u00a0 <\/span>#novaradioaguascalientes #informativoelvalledeaguascalientesll #Aguascalientes<\/p>\n<p>&nbsp;<\/p>\n<p>\ud835\uddd6\ud835\uddee\ud835\uddf9\ud835\ude03\ud835\uddf6\ud835\uddf9\ud835\uddf9\ud835\uddfc \ud835\uddd5\ud835\uddff\ud835\uddf6\ud835\uddf9\ud835\uddf9\ud835\uddee \ud83d\ude4b\ud83c\udffb\u200d\u2642\ufe0f\u2728\ud83d\udca1<\/p>\n<p>El Gobierno de Calvillo, a trav\u00e9s de la Secretar\u00eda de Servicios P\u00fablicos y en coordinaci\u00f3n con el Instituto del Deporte de Calvillo, llev\u00f3 a cabo la inauguraci\u00f3n de la nueva iluminaci\u00f3n de la Unidad Deportiva \u201cOjocaliente\u201d, un espacio que ahora ofrece mejores condiciones para el disfrute y la pr\u00e1ctica del deporte, fomentando la sana convivencia de las familias calvillenses.<\/p>\n<p>El presidente municipal de Calvillo, Daniel Romo Urrutia, destac\u00f3 que con estas acciones se avanza en el compromiso de contar con espacios p\u00fablicos seguros, dignos y funcionales, que fortalezcan el tejido social y promuevan estilos de vida saludables.<\/p>\n<p>Asimismo, reafirm\u00f3 que su administraci\u00f3n continuar\u00e1 impulsando el programa \u201cCalvillo Brilla\u201d, que busca mejorar la iluminaci\u00f3n en colonias, comunidades y \u00e1reas recreativas, contribuyendo al desarrollo integral y a la seguridad del municipio.<\/p>\n<p>#\ud835\udddf\ud835\uddf2\ud835\uddf4\ud835\uddee\ud835\uddf1\ud835\uddfc\ud835\udde3\ud835\uddee\ud835\uddff\ud835\uddee\ud835\udde0\ud835\uddf6\ud835\uddda\ud835\uddf2\ud835\uddfb\ud835\ude01\ud835\uddf2 #\ud835\uddd6\ud835\uddee\ud835\uddf9\ud835\ude03\ud835\uddf6\ud835\uddf9\ud835\uddf9\ud835\uddfc\ud835\uddd5\ud835\uddff\ud835\uddf6\ud835\uddf9\ud835\uddf9\ud835\uddee<\/p>\n","protected":false},"excerpt":{"rendered":"<p>#informativoelvalledeaguascalientes\u00a0 #novaradioaguascalientes #informativoelvalledeaguascalientesll #Aguascalientes &nbsp; \ud835\uddd6\ud835\uddee\ud835\uddf9\ud835\ude03\ud835\uddf6\ud835\uddf9\ud835\uddf9\ud835\uddfc \ud835\uddd5\ud835\uddff\ud835\uddf6\ud835\uddf9\ud835\uddf9\ud835\uddee \ud83d\ude4b\ud83c\udffb\u200d\u2642\ufe0f\u2728\ud83d\udca1 El Gobierno de Calvillo, a trav\u00e9s de la Secretar\u00eda de Servicios P\u00fablicos y en coordinaci\u00f3n con el Instituto del Deporte de Calvillo, llev\u00f3 a cabo la inauguraci\u00f3n de la nueva iluminaci\u00f3n de la Unidad Deportiva \u201cOjocaliente\u201d, un espacio que ahora ofrece mejores condiciones para el disfrute y [&hellip;]<\/p>\n","protected":false},"author":1,"featured_media":77735,"comment_status":"closed","ping_status":"open","sticky":false,"template":"","format":"standard","meta":{"advanced_seo_description":"","jetpack_seo_html_title":"","jetpack_seo_noindex":false,"_jetpack_memberships_contains_paid_content":false,"footnotes":"","jetpack_publicize_message":"","jetpack_publicize_feature_enabled":true,"jetpack_social_post_already_shared":true,"jetpack_social_options":{"image_generator_settings":{"template":"highway","default_image_id":0,"font":"","enabled":false},"version":2}},"categories":[21,13],"tags":[22,88,29],"class_list":["post-77734","post","type-post","status-publish","format-standard","has-post-thumbnail","hentry","category-aguascalientes","category-calvillo-aguascalientes","tag-aguascalientes","tag-calvillo","tag-calvillo-aguascalientes"],"jetpack_publicize_connections":[],"jetpack_featured_media_url":"https:\/\/i0.wp.com\/informativoelvalledeaguascalientes.online\/wp-content\/uploads\/2025\/10\/31554f78-0c82-4883-8c3a-df85856ae490.jpg?fit=1500%2C1001&ssl=1","jetpack-related-posts":[],"jetpack_sharing_enabled":true,"jetpack_likes_enabled":true,"_links":{"self":[{"href":"https:\/\/informativoelvalledeaguascalientes.online\/index.php?rest_route=\/wp\/v2\/posts\/77734","targetHints":{"allow":["GET"]}}],"collection":[{"href":"https:\/\/informativoelvalledeaguascalientes.online\/index.php?rest_route=\/wp\/v2\/posts"}],"about":[{"href":"https:\/\/informativoelvalledeaguascalientes.online\/index.php?rest_route=\/wp\/v2\/types\/post"}],"author":[{"embeddable":true,"href":"https:\/\/informativoelvalledeaguascalientes.online\/index.php?rest_route=\/wp\/v2\/users\/1"}],"replies":[{"embeddable":true,"href":"https:\/\/informativoelvalledeaguascalientes.online\/index.php?rest_route=%2Fwp%2Fv2%2Fcomments&post=77734"}],"version-history":[{"count":1,"href":"https:\/\/informativoelvalledeaguascalientes.online\/index.php?rest_route=\/wp\/v2\/posts\/77734\/revisions"}],"predecessor-version":[{"id":77736,"href":"https:\/\/informativoelvalledeaguascalientes.online\/index.php?rest_route=\/wp\/v2\/posts\/77734\/revisions\/77736"}],"wp:featuredmedia":[{"embeddable":true,"href":"https:\/\/informativoelvalledeaguascalientes.online\/index.php?rest_route=\/wp\/v2\/media\/77735"}],"wp:attachment":[{"href":"https:\/\/informativoelvalledeaguascalientes.online\/index.php?rest_route=%2Fwp%2Fv2%2Fmedia&parent=77734"}],"wp:term":[{"taxonomy":"category","embeddable":true,"href":"https:\/\/informativoelvalledeaguascalientes.online\/index.php?rest_route=%2Fwp%2Fv2%2Fcategories&post=77734"},{"taxonomy":"post_tag","embeddable":true,"href":"https:\/\/informativoelvalledeaguascalientes.online\/index.php?rest_route=%2Fwp%2Fv2%2Ftags&post=77734"}],"curies":[{"name":"wp","href":"https:\/\/api.w.org\/{rel}","templated":true}]}}