{"id":77723,"date":"2025-10-12T22:46:09","date_gmt":"2025-10-13T04:46:09","guid":{"rendered":"https:\/\/informativoelvalledeaguascalientes.online\/?p=77723"},"modified":"2025-10-12T22:46:09","modified_gmt":"2025-10-13T04:46:09","slug":"se-coloca-la-primera-piedra-de-un-nuevo-centro-conafe-en-la-biznaga-jesus-maria","status":"publish","type":"post","link":"https:\/\/informativoelvalledeaguascalientes.online\/?p=77723","title":{"rendered":"SE COLOCA LA PRIMERA PIEDRA DE UN NUEVO CENTRO CONAFE EN LA BIZNAGA, JES\u00daS MAR\u00cdA"},"content":{"rendered":"<p class=\"p1\">#informativoelvalledeaguascalientes<span class=\"Apple-converted-space\">\u00a0 <\/span>#novaradioaguascalientes #informativoelvalledeaguascalientesll #Aguascalientes<\/p>\n<p>&nbsp;<\/p>\n<p>&nbsp;<\/p>\n<p>* La obra es resultado del trabajo conjunto entre CONAFE, el municipio de Jes\u00fas Mar\u00eda y la organizaci\u00f3n comunitaria<\/p>\n<p>&nbsp;<\/p>\n<p>En la comunidad de La Biznaga, municipio de Jes\u00fas Mar\u00eda, se llev\u00f3 a cabo la colocaci\u00f3n de la primera piedra del nuevo centro educativo del Consejo Nacional de Fomento Educativo (CONAFE), un paso firme hacia la construcci\u00f3n de un espacio digno, funcional y seguro para el desarrollo integral de la ni\u00f1ez.<\/p>\n<p>Este proyecto es parte del programa La Escuela es Nuestra, y forma parte de una estrategia educativa integral que impulsa la equidad, el arraigo comunitario y la participaci\u00f3n activa de madres, padres y autoridades locales.<\/p>\n<p>El evento congreg\u00f3 a autoridades municipales, estatales y representantes de CONAFE, as\u00ed como a docentes, enlaces educativos y habitantes de la comunidad que han sido pieza clave para la consolidaci\u00f3n del proyecto.<\/p>\n<p>En su mensaje, el Presidente Municipal de Jes\u00fas Mar\u00eda, C\u00e9sar Medina, destac\u00f3 que \u201ceste no es solo un acto de infraestructura, sino una muestra clara de lo que podemos lograr cuando trabajamos en equipo: comunidad, gobierno y CONAFE. La educaci\u00f3n es una prioridad y, hoy, La Biznaga nos da ejemplo de organizaci\u00f3n y visi\u00f3n a futuro\u201d.<\/p>\n<p>Durante la ceremonia, el Coordinador Territorial del CONAFE en Aguascalientes, \u00c1lvaro de \u00c1vila Aguilar, reconoci\u00f3 el esfuerzo de madres de familia y enlaces educativos que, durante m\u00e1s de tres a\u00f1os, gestionaron el proyecto desde sus inicios.<\/p>\n<p>Adem\u00e1s de iniciar con la construcci\u00f3n del aula, el terreno contempla una reserva para futura expansi\u00f3n, pensando en las necesidades a largo plazo de la comunidad.<\/p>\n","protected":false},"excerpt":{"rendered":"<p>#informativoelvalledeaguascalientes\u00a0 #novaradioaguascalientes #informativoelvalledeaguascalientesll #Aguascalientes &nbsp; &nbsp; * La obra es resultado del trabajo conjunto entre CONAFE, el municipio de Jes\u00fas Mar\u00eda y la organizaci\u00f3n comunitaria &nbsp; En la comunidad de La Biznaga, municipio de Jes\u00fas Mar\u00eda, se llev\u00f3 a cabo la colocaci\u00f3n de la primera piedra del nuevo centro educativo del Consejo Nacional de Fomento [&hellip;]<\/p>\n","protected":false},"author":1,"featured_media":77724,"comment_status":"closed","ping_status":"open","sticky":false,"template":"","format":"standard","meta":{"advanced_seo_description":"","jetpack_seo_html_title":"","jetpack_seo_noindex":false,"_jetpack_memberships_contains_paid_content":false,"footnotes":"","jetpack_publicize_message":"","jetpack_publicize_feature_enabled":true,"jetpack_social_post_already_shared":true,"jetpack_social_options":{"image_generator_settings":{"template":"highway","default_image_id":0,"font":"","enabled":false},"version":2}},"categories":[21,14],"tags":[22,45],"class_list":["post-77723","post","type-post","status-publish","format-standard","has-post-thumbnail","hentry","category-aguascalientes","category-jesus-maria-aguascalientes","tag-aguascalientes","tag-jesus-maria-aguascalientes"],"jetpack_publicize_connections":[],"jetpack_featured_media_url":"https:\/\/i0.wp.com\/informativoelvalledeaguascalientes.online\/wp-content\/uploads\/2025\/10\/d93f6bd7-3c04-4c55-b6a3-01c4ac00e749.jpg?fit=2560%2C1706&ssl=1","jetpack-related-posts":[],"jetpack_sharing_enabled":true,"jetpack_likes_enabled":true,"_links":{"self":[{"href":"https:\/\/informativoelvalledeaguascalientes.online\/index.php?rest_route=\/wp\/v2\/posts\/77723","targetHints":{"allow":["GET"]}}],"collection":[{"href":"https:\/\/informativoelvalledeaguascalientes.online\/index.php?rest_route=\/wp\/v2\/posts"}],"about":[{"href":"https:\/\/informativoelvalledeaguascalientes.online\/index.php?rest_route=\/wp\/v2\/types\/post"}],"author":[{"embeddable":true,"href":"https:\/\/informativoelvalledeaguascalientes.online\/index.php?rest_route=\/wp\/v2\/users\/1"}],"replies":[{"embeddable":true,"href":"https:\/\/informativoelvalledeaguascalientes.online\/index.php?rest_route=%2Fwp%2Fv2%2Fcomments&post=77723"}],"version-history":[{"count":1,"href":"https:\/\/informativoelvalledeaguascalientes.online\/index.php?rest_route=\/wp\/v2\/posts\/77723\/revisions"}],"predecessor-version":[{"id":77725,"href":"https:\/\/informativoelvalledeaguascalientes.online\/index.php?rest_route=\/wp\/v2\/posts\/77723\/revisions\/77725"}],"wp:featuredmedia":[{"embeddable":true,"href":"https:\/\/informativoelvalledeaguascalientes.online\/index.php?rest_route=\/wp\/v2\/media\/77724"}],"wp:attachment":[{"href":"https:\/\/informativoelvalledeaguascalientes.online\/index.php?rest_route=%2Fwp%2Fv2%2Fmedia&parent=77723"}],"wp:term":[{"taxonomy":"category","embeddable":true,"href":"https:\/\/informativoelvalledeaguascalientes.online\/index.php?rest_route=%2Fwp%2Fv2%2Fcategories&post=77723"},{"taxonomy":"post_tag","embeddable":true,"href":"https:\/\/informativoelvalledeaguascalientes.online\/index.php?rest_route=%2Fwp%2Fv2%2Ftags&post=77723"}],"curies":[{"name":"wp","href":"https:\/\/api.w.org\/{rel}","templated":true}]}}