{"id":77720,"date":"2025-10-12T22:42:20","date_gmt":"2025-10-13T04:42:20","guid":{"rendered":"https:\/\/informativoelvalledeaguascalientes.online\/?p=77720"},"modified":"2025-10-12T22:42:20","modified_gmt":"2025-10-13T04:42:20","slug":"gobierno-de-jesus-maria-promueve-la-deteccion-y-prevencion-del-cancer-de-mama-con-actividades-en-todas-las-delegaciones","status":"publish","type":"post","link":"https:\/\/informativoelvalledeaguascalientes.online\/?p=77720","title":{"rendered":"GOBIERNO DE JES\u00daS MAR\u00cdA PROMUEVE LA DETECCI\u00d3N Y PREVENCI\u00d3N DEL C\u00c1NCER DE MAMA CON ACTIVIDADES EN TODAS LAS DELEGACIONES"},"content":{"rendered":"<p class=\"p1\">#informativoelvalledeaguascalientes<span class=\"Apple-converted-space\">\u00a0 <\/span>#novaradioaguascalientes #informativoelvalledeaguascalientesll #Aguascalientes<\/p>\n<p>&nbsp;<\/p>\n<p>&nbsp;<\/p>\n<p>En el marco del Mes Rosa, el Gobierno Municipal de Jes\u00fas Mar\u00eda, a trav\u00e9s de la Instancia de la Mujer y por primera vez en coordinaci\u00f3n con la asociaci\u00f3n Por Ti, Por Ellas A.C., realizar\u00e1 diversas actividades enfocadas en la concientizaci\u00f3n, detecci\u00f3n y atenci\u00f3n del c\u00e1ncer de mama.<\/p>\n<p>La titular de la Instancia de la Mujer, Patricia Alvarado, inform\u00f3 que se llevar\u00e1 a cabo una jornada itinerante en cada una de las delegaciones, donde se impartir\u00e1 de manera gratuita el taller \u201cEl miedo, tu amigo o tu enemigo\u201d.<\/p>\n<p>Adem\u00e1s, en conjunto con la Asociaci\u00f3n, se ofrecer\u00e1n apoyos para quienes lo requieran, entre ellos: kits de brassier y pr\u00f3tesis externa, mangas para linfedema, pelucas y asesor\u00eda psicol\u00f3gica, con el objetivo de acompa\u00f1ar integralmente a las mujeres que enfrentan esta enfermedad.<\/p>\n<p>El 13 de octubre el taller se impartir\u00e1 en la Delegaci\u00f3n Maravillas; el d\u00eda 14 de octubre en las Delegaciones de Margaritas y Paseos de Aguascalientes; el 15 de octubre en Valladolid y San Antonio de los Horcones y el 16 en Venadero.<\/p>\n<p>El 17 de octubre se realizar\u00e1 el evento de cierre en la cabecera municipal, donde en coordinaci\u00f3n con el Centro de Salud de Jes\u00fas Mar\u00eda, se impartir\u00e1 la conferencia \u201cPrevenci\u00f3n y detecci\u00f3n del c\u00e1ncer de mama\u201d en la Casa de la M\u00fasica, a las 10:00 horas.<\/p>\n<p>Con estas acciones, el Gobierno Municipal de Jes\u00fas Mar\u00eda acerca los servicios a toda la ciudadan\u00eda, fomentando la prevenci\u00f3n, la detecci\u00f3n oportuna y la sensibilizaci\u00f3n sobre el c\u00e1ncer de mama, cumpliendo as\u00ed con las instrucciones del alcalde C\u00e9sar Medina de llevar informaci\u00f3n y atenci\u00f3n a cada rinc\u00f3n del municipio.<\/p>\n","protected":false},"excerpt":{"rendered":"<p>#informativoelvalledeaguascalientes\u00a0 #novaradioaguascalientes #informativoelvalledeaguascalientesll #Aguascalientes &nbsp; &nbsp; En el marco del Mes Rosa, el Gobierno Municipal de Jes\u00fas Mar\u00eda, a trav\u00e9s de la Instancia de la Mujer y por primera vez en coordinaci\u00f3n con la asociaci\u00f3n Por Ti, Por Ellas A.C., realizar\u00e1 diversas actividades enfocadas en la concientizaci\u00f3n, detecci\u00f3n y atenci\u00f3n del c\u00e1ncer de mama. La [&hellip;]<\/p>\n","protected":false},"author":1,"featured_media":77721,"comment_status":"closed","ping_status":"open","sticky":false,"template":"","format":"standard","meta":{"advanced_seo_description":"","jetpack_seo_html_title":"","jetpack_seo_noindex":false,"_jetpack_memberships_contains_paid_content":false,"footnotes":"","jetpack_publicize_message":"","jetpack_publicize_feature_enabled":true,"jetpack_social_post_already_shared":true,"jetpack_social_options":{"image_generator_settings":{"template":"highway","default_image_id":0,"font":"","enabled":false},"version":2}},"categories":[21,14],"tags":[22,45],"class_list":["post-77720","post","type-post","status-publish","format-standard","has-post-thumbnail","hentry","category-aguascalientes","category-jesus-maria-aguascalientes","tag-aguascalientes","tag-jesus-maria-aguascalientes"],"jetpack_publicize_connections":[],"jetpack_featured_media_url":"https:\/\/i0.wp.com\/informativoelvalledeaguascalientes.online\/wp-content\/uploads\/2025\/10\/3746a843-3be7-4faf-ab01-5c9248ed183b.jpg?fit=1024%2C1280&ssl=1","jetpack-related-posts":[],"jetpack_sharing_enabled":true,"jetpack_likes_enabled":true,"_links":{"self":[{"href":"https:\/\/informativoelvalledeaguascalientes.online\/index.php?rest_route=\/wp\/v2\/posts\/77720","targetHints":{"allow":["GET"]}}],"collection":[{"href":"https:\/\/informativoelvalledeaguascalientes.online\/index.php?rest_route=\/wp\/v2\/posts"}],"about":[{"href":"https:\/\/informativoelvalledeaguascalientes.online\/index.php?rest_route=\/wp\/v2\/types\/post"}],"author":[{"embeddable":true,"href":"https:\/\/informativoelvalledeaguascalientes.online\/index.php?rest_route=\/wp\/v2\/users\/1"}],"replies":[{"embeddable":true,"href":"https:\/\/informativoelvalledeaguascalientes.online\/index.php?rest_route=%2Fwp%2Fv2%2Fcomments&post=77720"}],"version-history":[{"count":1,"href":"https:\/\/informativoelvalledeaguascalientes.online\/index.php?rest_route=\/wp\/v2\/posts\/77720\/revisions"}],"predecessor-version":[{"id":77722,"href":"https:\/\/informativoelvalledeaguascalientes.online\/index.php?rest_route=\/wp\/v2\/posts\/77720\/revisions\/77722"}],"wp:featuredmedia":[{"embeddable":true,"href":"https:\/\/informativoelvalledeaguascalientes.online\/index.php?rest_route=\/wp\/v2\/media\/77721"}],"wp:attachment":[{"href":"https:\/\/informativoelvalledeaguascalientes.online\/index.php?rest_route=%2Fwp%2Fv2%2Fmedia&parent=77720"}],"wp:term":[{"taxonomy":"category","embeddable":true,"href":"https:\/\/informativoelvalledeaguascalientes.online\/index.php?rest_route=%2Fwp%2Fv2%2Fcategories&post=77720"},{"taxonomy":"post_tag","embeddable":true,"href":"https:\/\/informativoelvalledeaguascalientes.online\/index.php?rest_route=%2Fwp%2Fv2%2Ftags&post=77720"}],"curies":[{"name":"wp","href":"https:\/\/api.w.org\/{rel}","templated":true}]}}