{"id":77717,"date":"2025-10-12T22:39:46","date_gmt":"2025-10-13T04:39:46","guid":{"rendered":"https:\/\/informativoelvalledeaguascalientes.online\/?p=77717"},"modified":"2025-10-12T22:39:46","modified_gmt":"2025-10-13T04:39:46","slug":"jesus-maria-promueve-el-cuidado-emocional-a-traves-de-primeros-auxilios-psicologicos","status":"publish","type":"post","link":"https:\/\/informativoelvalledeaguascalientes.online\/?p=77717","title":{"rendered":"JES\u00daS MAR\u00cdA PROMUEVE EL CUIDADO EMOCIONAL A TRAV\u00c9S DE PRIMEROS AUXILIOS PSICOL\u00d3GICOS"},"content":{"rendered":"<p class=\"p1\">#informativoelvalledeaguascalientes<span class=\"Apple-converted-space\">\u00a0 <\/span>#novaradioaguascalientes #informativoelvalledeaguascalientesll #Aguascalientes<\/p>\n<p>&nbsp;<\/p>\n<p>&nbsp;<\/p>\n<p>En el marco del D\u00eda Mundial de la Salud Mental, el Gobierno Municipal de Jes\u00fas Mar\u00eda refrenda su compromiso con el cuidado emocional de la ciudadan\u00eda, mediante actividades que promueven la empat\u00eda, la prevenci\u00f3n y la atenci\u00f3n oportuna de las crisis emocionales.<\/p>\n<p>A trav\u00e9s de la Instancia de Salud P\u00fablica y el Centro Psicol\u00f3gico Teotl, se llev\u00f3 a cabo una pl\u00e1tica titulada \u201cPrimeros Auxilios Psicol\u00f3gicos\u201d, impartida por la Lic. Daniela P\u00e9rez Ram\u00edrez, psic\u00f3loga cl\u00ednica con amplia experiencia en contenci\u00f3n emocional y psicomotricidad.<\/p>\n<p>Durante su intervenci\u00f3n, la especialista explic\u00f3 la importancia de reconocer y atender las heridas emocionales que, aunque no son visibles, pueden tener un impacto profundo en la vida de las personas. Subray\u00f3 que los Primeros Auxilios Psicol\u00f3gicos (PAPS) son herramientas que cualquier ciudadano puede aprender para brindar apoyo b\u00e1sico, escucha activa y acompa\u00f1amiento a quien atraviesa una situaci\u00f3n de crisis o vulnerabilidad.<\/p>\n<p>En su mensaje, la titular de la Instancia de la Salud del municipio de Jes\u00fas Mar\u00eda, Rosa Isela Torres Valenzuela enfatiz\u00f3 la necesidad de romper estigmas y hablar abiertamente sobre salud mental como un acto de amor propio y de comunidad, fomentando la comprensi\u00f3n, la escucha y el apoyo mutuo.<\/p>\n<p>Con este tipo de actividades, el Gobierno Municipal de Jes\u00fas Mar\u00eda impulsa una cultura de cuidado integral, donde la salud mental es reconocida como un pilar esencial para la armon\u00eda individual y social, fortaleciendo as\u00ed el tejido humano que caracteriza al municipio.<\/p>\n","protected":false},"excerpt":{"rendered":"<p>#informativoelvalledeaguascalientes\u00a0 #novaradioaguascalientes #informativoelvalledeaguascalientesll #Aguascalientes &nbsp; &nbsp; En el marco del D\u00eda Mundial de la Salud Mental, el Gobierno Municipal de Jes\u00fas Mar\u00eda refrenda su compromiso con el cuidado emocional de la ciudadan\u00eda, mediante actividades que promueven la empat\u00eda, la prevenci\u00f3n y la atenci\u00f3n oportuna de las crisis emocionales. A trav\u00e9s de la Instancia de Salud [&hellip;]<\/p>\n","protected":false},"author":1,"featured_media":77718,"comment_status":"closed","ping_status":"open","sticky":false,"template":"","format":"standard","meta":{"advanced_seo_description":"","jetpack_seo_html_title":"","jetpack_seo_noindex":false,"_jetpack_memberships_contains_paid_content":false,"footnotes":"","jetpack_publicize_message":"","jetpack_publicize_feature_enabled":true,"jetpack_social_post_already_shared":true,"jetpack_social_options":{"image_generator_settings":{"template":"highway","default_image_id":0,"font":"","enabled":false},"version":2}},"categories":[21,14],"tags":[],"class_list":["post-77717","post","type-post","status-publish","format-standard","has-post-thumbnail","hentry","category-aguascalientes","category-jesus-maria-aguascalientes"],"jetpack_publicize_connections":[],"jetpack_featured_media_url":"https:\/\/i0.wp.com\/informativoelvalledeaguascalientes.online\/wp-content\/uploads\/2025\/10\/31d741f6-3000-40c9-af65-7ed2dd21ee41-scaled.jpg?fit=2560%2C1709&ssl=1","jetpack-related-posts":[],"jetpack_sharing_enabled":true,"jetpack_likes_enabled":true,"_links":{"self":[{"href":"https:\/\/informativoelvalledeaguascalientes.online\/index.php?rest_route=\/wp\/v2\/posts\/77717","targetHints":{"allow":["GET"]}}],"collection":[{"href":"https:\/\/informativoelvalledeaguascalientes.online\/index.php?rest_route=\/wp\/v2\/posts"}],"about":[{"href":"https:\/\/informativoelvalledeaguascalientes.online\/index.php?rest_route=\/wp\/v2\/types\/post"}],"author":[{"embeddable":true,"href":"https:\/\/informativoelvalledeaguascalientes.online\/index.php?rest_route=\/wp\/v2\/users\/1"}],"replies":[{"embeddable":true,"href":"https:\/\/informativoelvalledeaguascalientes.online\/index.php?rest_route=%2Fwp%2Fv2%2Fcomments&post=77717"}],"version-history":[{"count":1,"href":"https:\/\/informativoelvalledeaguascalientes.online\/index.php?rest_route=\/wp\/v2\/posts\/77717\/revisions"}],"predecessor-version":[{"id":77719,"href":"https:\/\/informativoelvalledeaguascalientes.online\/index.php?rest_route=\/wp\/v2\/posts\/77717\/revisions\/77719"}],"wp:featuredmedia":[{"embeddable":true,"href":"https:\/\/informativoelvalledeaguascalientes.online\/index.php?rest_route=\/wp\/v2\/media\/77718"}],"wp:attachment":[{"href":"https:\/\/informativoelvalledeaguascalientes.online\/index.php?rest_route=%2Fwp%2Fv2%2Fmedia&parent=77717"}],"wp:term":[{"taxonomy":"category","embeddable":true,"href":"https:\/\/informativoelvalledeaguascalientes.online\/index.php?rest_route=%2Fwp%2Fv2%2Fcategories&post=77717"},{"taxonomy":"post_tag","embeddable":true,"href":"https:\/\/informativoelvalledeaguascalientes.online\/index.php?rest_route=%2Fwp%2Fv2%2Ftags&post=77717"}],"curies":[{"name":"wp","href":"https:\/\/api.w.org\/{rel}","templated":true}]}}