{"id":77630,"date":"2025-10-10T15:09:53","date_gmt":"2025-10-10T21:09:53","guid":{"rendered":"https:\/\/informativoelvalledeaguascalientes.online\/?p=77630"},"modified":"2025-10-10T15:09:53","modified_gmt":"2025-10-10T21:09:53","slug":"guascalientes-fortalece-la-cooperacion-educativa-con-japon-a-traves-de-la-universidad-panamericana","status":"publish","type":"post","link":"https:\/\/informativoelvalledeaguascalientes.online\/?p=77630","title":{"rendered":"GUASCALIENTES FORTALECE LA COOPERACI\u00d3N EDUCATIVA CON JAP\u00d3N A TRAV\u00c9S DE LA UNIVERSIDAD PANAMERICANA"},"content":{"rendered":"<p class=\"p1\">#informativoelvalledeaguascalientes<span class=\"Apple-converted-space\">\u00a0 <\/span>#novaradioaguascalientes #informativoelvalledeaguascalientesll #Aguascalientes<\/p>\n<p>&nbsp;<\/p>\n<p class=\"p1\">\n<p class=\"p2\">El Gobierno del Estado de Aguascalientes, a trav\u00e9s del Instituto de Educaci\u00f3n (IEA), trabaja de manera coordinada con las universidades del estado para fomentar la vinculaci\u00f3n acad\u00e9mica y cient\u00edfica con otros pa\u00edses, convencido de que estas alianzas internacionales abren oportunidades para que las y los j\u00f3venes fortalezcan su formaci\u00f3n profesional y humana.<\/p>\n<p class=\"p2\">En este contexto, la Universidad Panamericana, campus Aguascalientes, fortalece los lazos de colaboraci\u00f3n acad\u00e9mica y cient\u00edfica con instituciones japonesas de alto prestigio, consolidando una d\u00e9cada de trabajo conjunto orientado a la innovaci\u00f3n, la formaci\u00f3n de talento y la internacionalizaci\u00f3n educativa.<\/p>\n<p class=\"p2\">Durante una gira de trabajo por Jap\u00f3n, el rector de la Universidad Panamericana, Antonio de los Reyes, y el vicerrector, Ramiro Vel\u00e1zquez, sostuvieron encuentros con representantes de Chiba University, Teikyo University y Shibaura Institute of Technology, con el prop\u00f3sito de ampliar los convenios de cooperaci\u00f3n en \u00e1reas estrat\u00e9gicas como arquitectura, inteligencia artificial y ense\u00f1anza del espa\u00f1ol.<\/p>\n<p class=\"p2\">La colaboraci\u00f3n entre la Universidad Panamericana y la Universidad Teikyo se ha mantenido durante m\u00e1s de diez a\u00f1os, iniciando con un programa conjunto de doble titulaci\u00f3n en ciencias e ingenier\u00eda para estudiantes de posgrado. As\u00ed mismo, este esquema ha permitido el intercambio acad\u00e9mico y la formaci\u00f3n de especialistas con visi\u00f3n global, fortaleciendo la vinculaci\u00f3n entre ambas instituciones.<\/p>\n<p class=\"p2\">Con estas acciones, Aguascalientes reafirma su compromiso con la educaci\u00f3n superior de calidad, la investigaci\u00f3n cient\u00edfica y la cooperaci\u00f3n internacional, impulsando la formaci\u00f3n de j\u00f3venes capaces de competir e innovar a nivel mundial.<\/p>\n","protected":false},"excerpt":{"rendered":"<p>#informativoelvalledeaguascalientes\u00a0 #novaradioaguascalientes #informativoelvalledeaguascalientesll #Aguascalientes &nbsp; El Gobierno del Estado de Aguascalientes, a trav\u00e9s del Instituto de Educaci\u00f3n (IEA), trabaja de manera coordinada con las universidades del estado para fomentar la vinculaci\u00f3n acad\u00e9mica y cient\u00edfica con otros pa\u00edses, convencido de que estas alianzas internacionales abren oportunidades para que las y los j\u00f3venes fortalezcan su formaci\u00f3n profesional [&hellip;]<\/p>\n","protected":false},"author":1,"featured_media":77631,"comment_status":"closed","ping_status":"open","sticky":false,"template":"","format":"standard","meta":{"advanced_seo_description":"","jetpack_seo_html_title":"","jetpack_seo_noindex":false,"_jetpack_memberships_contains_paid_content":false,"footnotes":"","jetpack_publicize_message":"","jetpack_publicize_feature_enabled":true,"jetpack_social_post_already_shared":true,"jetpack_social_options":{"image_generator_settings":{"template":"highway","default_image_id":0,"font":"","enabled":false},"version":2}},"categories":[21,4],"tags":[22,615,39],"class_list":["post-77630","post","type-post","status-publish","format-standard","has-post-thumbnail","hentry","category-aguascalientes","category-gobierno-del-estado-aguascalientes","tag-aguascalientes","tag-gobierno-del-estado-de-aguascalientes","tag-iea"],"jetpack_publicize_connections":[],"jetpack_featured_media_url":"https:\/\/i0.wp.com\/informativoelvalledeaguascalientes.online\/wp-content\/uploads\/2025\/10\/cb11b2d3-51ea-4c23-9149-3d089730ed17.jpg?fit=1600%2C1200&ssl=1","jetpack-related-posts":[],"jetpack_sharing_enabled":true,"jetpack_likes_enabled":true,"_links":{"self":[{"href":"https:\/\/informativoelvalledeaguascalientes.online\/index.php?rest_route=\/wp\/v2\/posts\/77630","targetHints":{"allow":["GET"]}}],"collection":[{"href":"https:\/\/informativoelvalledeaguascalientes.online\/index.php?rest_route=\/wp\/v2\/posts"}],"about":[{"href":"https:\/\/informativoelvalledeaguascalientes.online\/index.php?rest_route=\/wp\/v2\/types\/post"}],"author":[{"embeddable":true,"href":"https:\/\/informativoelvalledeaguascalientes.online\/index.php?rest_route=\/wp\/v2\/users\/1"}],"replies":[{"embeddable":true,"href":"https:\/\/informativoelvalledeaguascalientes.online\/index.php?rest_route=%2Fwp%2Fv2%2Fcomments&post=77630"}],"version-history":[{"count":1,"href":"https:\/\/informativoelvalledeaguascalientes.online\/index.php?rest_route=\/wp\/v2\/posts\/77630\/revisions"}],"predecessor-version":[{"id":77632,"href":"https:\/\/informativoelvalledeaguascalientes.online\/index.php?rest_route=\/wp\/v2\/posts\/77630\/revisions\/77632"}],"wp:featuredmedia":[{"embeddable":true,"href":"https:\/\/informativoelvalledeaguascalientes.online\/index.php?rest_route=\/wp\/v2\/media\/77631"}],"wp:attachment":[{"href":"https:\/\/informativoelvalledeaguascalientes.online\/index.php?rest_route=%2Fwp%2Fv2%2Fmedia&parent=77630"}],"wp:term":[{"taxonomy":"category","embeddable":true,"href":"https:\/\/informativoelvalledeaguascalientes.online\/index.php?rest_route=%2Fwp%2Fv2%2Fcategories&post=77630"},{"taxonomy":"post_tag","embeddable":true,"href":"https:\/\/informativoelvalledeaguascalientes.online\/index.php?rest_route=%2Fwp%2Fv2%2Ftags&post=77630"}],"curies":[{"name":"wp","href":"https:\/\/api.w.org\/{rel}","templated":true}]}}