{"id":77580,"date":"2025-10-09T18:53:42","date_gmt":"2025-10-10T00:53:42","guid":{"rendered":"https:\/\/informativoelvalledeaguascalientes.online\/?p=77580"},"modified":"2025-10-09T18:53:42","modified_gmt":"2025-10-10T00:53:42","slug":"video-subtitulado-tono-cuestiona-sugiere-y-demanda-acciones-internacionales-a-juan-ramon-de-la-fuente","status":"publish","type":"post","link":"https:\/\/informativoelvalledeaguascalientes.online\/?p=77580","title":{"rendered":"VIDEO SUBTITULADO: TO\u00d1O CUESTIONA, SUGIERE Y DEMANDA ACCIONES INTERNACIONALES A JUAN RAM\u00d3N DE LA FUENTE"},"content":{"rendered":"<p>#informativoelvalledeaguascalientes #novaradioaguascalientes #informativoelvalledeaguascalientesll #Aguascalientes<\/p>\n<div style=\"width: 640px;\" class=\"wp-video\"><video class=\"wp-video-shortcode\" id=\"video-77580-1\" width=\"640\" height=\"359\" preload=\"metadata\" controls=\"controls\"><source type=\"video\/mp4\" src=\"https:\/\/informativoelvalledeaguascalientes.online\/wp-content\/uploads\/2025\/10\/TMC-RELACIONES-EXTERIORES.mp4?_=1\" \/><a href=\"https:\/\/informativoelvalledeaguascalientes.online\/wp-content\/uploads\/2025\/10\/TMC-RELACIONES-EXTERIORES.mp4\">https:\/\/informativoelvalledeaguascalientes.online\/wp-content\/uploads\/2025\/10\/TMC-RELACIONES-EXTERIORES.mp4<\/a><\/video><\/div>\n<p class=\"tm6\">\n<p class=\"tm10\"><span class=\"tm11\">\uf0b7 <\/span><span class=\"tm7\">El Senador pidi\u00f3 garantizar perfiles t\u00e9cnicos en embajadas y consulados.<\/span><\/p>\n<p class=\"tm10\"><span class=\"tm11\">\uf0b7 <\/span><span class=\"tm7\">Solicit\u00f3 redoblar apoyos a migrantes y asegurar una pol\u00edtica exterior con visi\u00f3n regional.<\/span><\/p>\n<p>&nbsp;<\/p>\n<p class=\"tm13\"><span class=\"tm7\">Durante la comparecencia del titular de la Secretar\u00eda de Relaciones Exteriores ante el Pleno del Senado, el senador To\u00f1o Mart\u00edn del Campo destac\u00f3 los avances diplom\u00e1ticos de M\u00e9xico, pero tambi\u00e9n se\u00f1al\u00f3 la necesidad de atender temas pendientes relacionados con la atenci\u00f3n a migrantes, el presupuesto de los consulados y la designaci\u00f3n de representantes en el exterior.<\/span><\/p>\n<p class=\"tm13\"><span class=\"tm7\">El legislador reconoci\u00f3 la actuaci\u00f3n del Gobierno mexicano frente al asalto a la Embajada de M\u00e9xico en Ecuador, as\u00ed como la creaci\u00f3n de espacios de consulta con sectores productivos para la revisi\u00f3n del Tratado entre M\u00e9xico, Estados Unidos y Canad\u00e1 (TMEC). Sin embargo, expres\u00f3 su preocupaci\u00f3n por la designaci\u00f3n de algunos embajadores y c\u00f3nsules bajo criterios pol\u00edticos m\u00e1s que t\u00e9cnicos.<\/span><\/p>\n<p class=\"tm13\"><span class=\"tm7\">\u201cLa diplomacia requiere sensibilidad pol\u00edtica, pero no puede eliminarse el profesionalismo. Los consulados y embajadas no deben convertirse en plazas de asignaci\u00f3n discrecional, sino en estructuras que operen con est\u00e1ndares t\u00e9cnicos de excelencia\u201d, afirm\u00f3.<\/span><\/p>\n<p class=\"tm13\"><span class=\"tm7\">Asimismo, el senador subray\u00f3 la urgencia de incrementar el presupuesto destinado a las misiones diplom\u00e1ticas, con el fin de fortalecer la protecci\u00f3n consular, la promoci\u00f3n comercial y la atenci\u00f3n a los mexicanos en el exterior.<\/span><\/p>\n<p class=\"tm13\"><span class=\"tm7\">Hizo \u00e9nfasis en la situaci\u00f3n de los connacionales en Estados Unidos, quienes enfrentan detenciones, deportaciones y casos de discriminaci\u00f3n, por lo que pidi\u00f3 garantizar asistencia jur\u00eddica, acompa\u00f1amiento humanitario y respaldo institucional.<\/span><\/p>\n<p class=\"tm13\"><span class=\"tm7\">Finalmente, To\u00f1o Mart\u00edn del Campo exhort\u00f3 al titular de la Secretar\u00eda de Relaciones Exteriores a marcar una etapa de profesionalismo, visi\u00f3n regional y rigor t\u00e9cnico en la diplomacia mexicana, subrayando que el Senado trabajar\u00e1 para construir una pol\u00edtica exterior que defienda a los compatriotas, promueva las oportunidades y proyecte con orgullo el valor de M\u00e9xico en el mundo.<\/span><\/p>\n","protected":false},"excerpt":{"rendered":"<p>#informativoelvalledeaguascalientes #novaradioaguascalientes #informativoelvalledeaguascalientesll #Aguascalientes \uf0b7 El Senador pidi\u00f3 garantizar perfiles t\u00e9cnicos en embajadas y consulados. \uf0b7 Solicit\u00f3 redoblar apoyos a migrantes y asegurar una pol\u00edtica exterior con visi\u00f3n regional. &nbsp; Durante la comparecencia del titular de la Secretar\u00eda de Relaciones Exteriores ante el Pleno del Senado, el senador To\u00f1o Mart\u00edn del Campo destac\u00f3 los avances [&hellip;]<\/p>\n","protected":false},"author":1,"featured_media":77582,"comment_status":"closed","ping_status":"open","sticky":false,"template":"","format":"standard","meta":{"advanced_seo_description":"","jetpack_seo_html_title":"","jetpack_seo_noindex":false,"_jetpack_memberships_contains_paid_content":false,"footnotes":"","jetpack_publicize_message":"","jetpack_publicize_feature_enabled":true,"jetpack_social_post_already_shared":true,"jetpack_social_options":{"image_generator_settings":{"template":"highway","default_image_id":0,"font":"","enabled":false},"version":2}},"categories":[21,7],"tags":[22,23,43],"class_list":["post-77580","post","type-post","status-publish","format-standard","has-post-thumbnail","hentry","category-aguascalientes","category-pan-aguascalientes","tag-aguascalientes","tag-pan-aguascalientes","tag-pan-aguascalientes-cde"],"jetpack_publicize_connections":[],"jetpack_featured_media_url":"https:\/\/i0.wp.com\/informativoelvalledeaguascalientes.online\/wp-content\/uploads\/2025\/10\/TMC-CANCILLER.png?fit=888%2C490&ssl=1","jetpack-related-posts":[],"jetpack_sharing_enabled":true,"jetpack_likes_enabled":true,"_links":{"self":[{"href":"https:\/\/informativoelvalledeaguascalientes.online\/index.php?rest_route=\/wp\/v2\/posts\/77580","targetHints":{"allow":["GET"]}}],"collection":[{"href":"https:\/\/informativoelvalledeaguascalientes.online\/index.php?rest_route=\/wp\/v2\/posts"}],"about":[{"href":"https:\/\/informativoelvalledeaguascalientes.online\/index.php?rest_route=\/wp\/v2\/types\/post"}],"author":[{"embeddable":true,"href":"https:\/\/informativoelvalledeaguascalientes.online\/index.php?rest_route=\/wp\/v2\/users\/1"}],"replies":[{"embeddable":true,"href":"https:\/\/informativoelvalledeaguascalientes.online\/index.php?rest_route=%2Fwp%2Fv2%2Fcomments&post=77580"}],"version-history":[{"count":1,"href":"https:\/\/informativoelvalledeaguascalientes.online\/index.php?rest_route=\/wp\/v2\/posts\/77580\/revisions"}],"predecessor-version":[{"id":77583,"href":"https:\/\/informativoelvalledeaguascalientes.online\/index.php?rest_route=\/wp\/v2\/posts\/77580\/revisions\/77583"}],"wp:featuredmedia":[{"embeddable":true,"href":"https:\/\/informativoelvalledeaguascalientes.online\/index.php?rest_route=\/wp\/v2\/media\/77582"}],"wp:attachment":[{"href":"https:\/\/informativoelvalledeaguascalientes.online\/index.php?rest_route=%2Fwp%2Fv2%2Fmedia&parent=77580"}],"wp:term":[{"taxonomy":"category","embeddable":true,"href":"https:\/\/informativoelvalledeaguascalientes.online\/index.php?rest_route=%2Fwp%2Fv2%2Fcategories&post=77580"},{"taxonomy":"post_tag","embeddable":true,"href":"https:\/\/informativoelvalledeaguascalientes.online\/index.php?rest_route=%2Fwp%2Fv2%2Ftags&post=77580"}],"curies":[{"name":"wp","href":"https:\/\/api.w.org\/{rel}","templated":true}]}}