{"id":77562,"date":"2025-10-09T17:46:15","date_gmt":"2025-10-09T23:46:15","guid":{"rendered":"https:\/\/informativoelvalledeaguascalientes.online\/?p=77562"},"modified":"2025-10-09T17:46:15","modified_gmt":"2025-10-09T23:46:15","slug":"aguascalientes-se-consolida-como-referente-nacional-en-generacion-de-empleo","status":"publish","type":"post","link":"https:\/\/informativoelvalledeaguascalientes.online\/?p=77562","title":{"rendered":"AGUASCALIENTES SE CONSOLIDA COMO REFERENTE NACIONAL EN GENERACI\u00d3N DE EMPLEO"},"content":{"rendered":"<p>#informativoelvalledeaguascalientes #novaradioaguascalientes #informativoelvalledeaguascalientesll #Aguascalientes<\/p>\n<p>&nbsp;<\/p>\n<p>&nbsp;<\/p>\n<p>* Con 2 mil 203 nuevos puestos de trabajo en septiembre pasado, el estado se ubic\u00f3 en el quinto lugar nacional con mayor incremento anual<br \/>\n* Es resultado del esfuerzo conjunto entre el gobierno y el sector empresarial, que aqu\u00ed encuentra certeza y confianza para invertir y crecer: Tere Jim\u00e9nez<\/p>\n<p>&nbsp;<\/p>\n<p>Aguascalientes se posiciona como un referente nacional en la generaci\u00f3n de empleo formal, al registrar la creaci\u00f3n de 2 mil 203 nuevos puestos de trabajo durante el pasado mes de septiembre, consolid\u00e1ndose como un importante polo de desarrollo laboral y econ\u00f3mico.<\/p>\n<p>As\u00ed lo asegur\u00f3 la gobernadora Tere Jim\u00e9nez, tras conocer los \u00faltimos registros del Instituto Mexicano del Seguro Social; destac\u00f3 la importancia de contar con un empleo digno y de generar las condiciones para que las familias de Aguascalientes vivan mejor.<\/p>\n<p>\u201cTrabajamos para que cada persona tenga la oportunidad de un trabajo que le brinde estabilidad y un mejor futuro. Estos resultados son fruto del esfuerzo conjunto entre el gobierno y el sector empresarial, que encuentra en nuestro estado un entorno de certeza y confianza para invertir y crecer\u201d, subray\u00f3.<\/p>\n<p>El secretario de Desarrollo Econ\u00f3mico, Ciencia y Tecnolog\u00eda (Sedecyt), Esa\u00fa Garza de Vega, detall\u00f3 que al noveno mes del a\u00f1o, la entidad acumula un total de 366 mil 636 trabajadores asegurados, lo que representa un crecimiento anual del 1.7 por ciento, superior al promedio del pa\u00eds, que se ubic\u00f3 en 0.4 por ciento.<\/p>\n<p>A\u00f1adi\u00f3 que Aguascalientes logr\u00f3 posicionarse en el quinto lugar nacional entre los estados con mayor incremento anual de trabajadores asegurados, al sumar 6 mil 751 nuevos empleos de enero a septiembre de 2025, y un total de 22 mil 487 en lo que va de la presente administraci\u00f3n estatal.<\/p>\n","protected":false},"excerpt":{"rendered":"<p>#informativoelvalledeaguascalientes #novaradioaguascalientes #informativoelvalledeaguascalientesll #Aguascalientes &nbsp; &nbsp; * Con 2 mil 203 nuevos puestos de trabajo en septiembre pasado, el estado se ubic\u00f3 en el quinto lugar nacional con mayor incremento anual * Es resultado del esfuerzo conjunto entre el gobierno y el sector empresarial, que aqu\u00ed encuentra certeza y confianza para invertir y crecer: Tere [&hellip;]<\/p>\n","protected":false},"author":1,"featured_media":77563,"comment_status":"closed","ping_status":"open","sticky":false,"template":"","format":"standard","meta":{"advanced_seo_description":"","jetpack_seo_html_title":"","jetpack_seo_noindex":false,"_jetpack_memberships_contains_paid_content":false,"footnotes":"","jetpack_publicize_message":"","jetpack_publicize_feature_enabled":true,"jetpack_social_post_already_shared":true,"jetpack_social_options":{"image_generator_settings":{"template":"highway","default_image_id":0,"font":"","enabled":false},"version":2}},"categories":[21,4],"tags":[22,615,610],"class_list":["post-77562","post","type-post","status-publish","format-standard","has-post-thumbnail","hentry","category-aguascalientes","category-gobierno-del-estado-aguascalientes","tag-aguascalientes","tag-gobierno-del-estado-de-aguascalientes","tag-sedecyt"],"jetpack_publicize_connections":[],"jetpack_featured_media_url":"https:\/\/i0.wp.com\/informativoelvalledeaguascalientes.online\/wp-content\/uploads\/2025\/10\/624facfa-f718-4046-83fd-caa193f14e9d.jpg?fit=1280%2C852&ssl=1","jetpack-related-posts":[],"jetpack_sharing_enabled":true,"jetpack_likes_enabled":true,"_links":{"self":[{"href":"https:\/\/informativoelvalledeaguascalientes.online\/index.php?rest_route=\/wp\/v2\/posts\/77562","targetHints":{"allow":["GET"]}}],"collection":[{"href":"https:\/\/informativoelvalledeaguascalientes.online\/index.php?rest_route=\/wp\/v2\/posts"}],"about":[{"href":"https:\/\/informativoelvalledeaguascalientes.online\/index.php?rest_route=\/wp\/v2\/types\/post"}],"author":[{"embeddable":true,"href":"https:\/\/informativoelvalledeaguascalientes.online\/index.php?rest_route=\/wp\/v2\/users\/1"}],"replies":[{"embeddable":true,"href":"https:\/\/informativoelvalledeaguascalientes.online\/index.php?rest_route=%2Fwp%2Fv2%2Fcomments&post=77562"}],"version-history":[{"count":1,"href":"https:\/\/informativoelvalledeaguascalientes.online\/index.php?rest_route=\/wp\/v2\/posts\/77562\/revisions"}],"predecessor-version":[{"id":77564,"href":"https:\/\/informativoelvalledeaguascalientes.online\/index.php?rest_route=\/wp\/v2\/posts\/77562\/revisions\/77564"}],"wp:featuredmedia":[{"embeddable":true,"href":"https:\/\/informativoelvalledeaguascalientes.online\/index.php?rest_route=\/wp\/v2\/media\/77563"}],"wp:attachment":[{"href":"https:\/\/informativoelvalledeaguascalientes.online\/index.php?rest_route=%2Fwp%2Fv2%2Fmedia&parent=77562"}],"wp:term":[{"taxonomy":"category","embeddable":true,"href":"https:\/\/informativoelvalledeaguascalientes.online\/index.php?rest_route=%2Fwp%2Fv2%2Fcategories&post=77562"},{"taxonomy":"post_tag","embeddable":true,"href":"https:\/\/informativoelvalledeaguascalientes.online\/index.php?rest_route=%2Fwp%2Fv2%2Ftags&post=77562"}],"curies":[{"name":"wp","href":"https:\/\/api.w.org\/{rel}","templated":true}]}}