{"id":7691,"date":"2020-06-12T14:28:10","date_gmt":"2020-06-12T20:28:10","guid":{"rendered":"https:\/\/informativoelvalledeaguascalientes.online\/?p=7691"},"modified":"2020-06-12T14:28:10","modified_gmt":"2020-06-12T20:28:10","slug":"servicios-publicos-y-proteccion-civil-realizan-tareas-de-prevencion-por-inicio-de-la-temporada-de-lluvias-2020","status":"publish","type":"post","link":"https:\/\/informativoelvalledeaguascalientes.online\/?p=7691","title":{"rendered":"Servicios P\u00fablicos y Protecci\u00f3n Civil realizan tareas de prevenci\u00f3n por inicio de la Temporada de Lluvias 2020"},"content":{"rendered":"<div>Al iniciar el 15 de mayo la Temporada de Lluvias 2020, el Gobierno Municipal de Calvillo se declar\u00f3 en alerta y comenz\u00f3 a realizar diversas tareas de prevenci\u00f3n; la Secretar\u00eda de Servicios P\u00fablicos realiz\u00f3 la limpieza de caimanes y bocas de tormenta en las calles de la cabecera municipal; la Coordinaci\u00f3n Municipal de Protecci\u00f3n Civil, Bomberos y Atenci\u00f3n Prehospitalaria procedi\u00f3 a la limpieza de salidas de agua y bocas de tormenta en las principales avenidas y carreteras; tambi\u00e9n se comenz\u00f3 con una campa\u00f1a de difusi\u00f3n de las recomendaciones de prevenci\u00f3n que la poblaci\u00f3n debe seguir.<\/div>\n","protected":false},"excerpt":{"rendered":"<p>Al iniciar el 15 de mayo la Temporada de Lluvias 2020, el Gobierno Municipal de Calvillo se declar\u00f3 en alerta y comenz\u00f3 a realizar diversas tareas de prevenci\u00f3n; la Secretar\u00eda de Servicios P\u00fablicos realiz\u00f3 la limpieza de caimanes y bocas de tormenta en las calles de la cabecera municipal; la Coordinaci\u00f3n Municipal de Protecci\u00f3n Civil, [&hellip;]<\/p>\n","protected":false},"author":1,"featured_media":7692,"comment_status":"closed","ping_status":"open","sticky":false,"template":"","format":"standard","meta":{"advanced_seo_description":"","jetpack_seo_html_title":"","jetpack_seo_noindex":false,"_jetpack_memberships_contains_paid_content":false,"footnotes":"","jetpack_publicize_message":"","jetpack_publicize_feature_enabled":true,"jetpack_social_post_already_shared":true,"jetpack_social_options":{"image_generator_settings":{"template":"highway","default_image_id":0,"font":"","enabled":false},"version":2}},"categories":[21,13],"tags":[22,29],"class_list":["post-7691","post","type-post","status-publish","format-standard","has-post-thumbnail","hentry","category-aguascalientes","category-calvillo-aguascalientes","tag-aguascalientes","tag-calvillo-aguascalientes"],"jetpack_publicize_connections":[],"jetpack_featured_media_url":"https:\/\/i0.wp.com\/informativoelvalledeaguascalientes.online\/wp-content\/uploads\/2020\/06\/calvillo_ags_11062020.jpg?fit=577%2C577&ssl=1","jetpack-related-posts":[],"jetpack_sharing_enabled":true,"jetpack_likes_enabled":true,"_links":{"self":[{"href":"https:\/\/informativoelvalledeaguascalientes.online\/index.php?rest_route=\/wp\/v2\/posts\/7691","targetHints":{"allow":["GET"]}}],"collection":[{"href":"https:\/\/informativoelvalledeaguascalientes.online\/index.php?rest_route=\/wp\/v2\/posts"}],"about":[{"href":"https:\/\/informativoelvalledeaguascalientes.online\/index.php?rest_route=\/wp\/v2\/types\/post"}],"author":[{"embeddable":true,"href":"https:\/\/informativoelvalledeaguascalientes.online\/index.php?rest_route=\/wp\/v2\/users\/1"}],"replies":[{"embeddable":true,"href":"https:\/\/informativoelvalledeaguascalientes.online\/index.php?rest_route=%2Fwp%2Fv2%2Fcomments&post=7691"}],"version-history":[{"count":1,"href":"https:\/\/informativoelvalledeaguascalientes.online\/index.php?rest_route=\/wp\/v2\/posts\/7691\/revisions"}],"predecessor-version":[{"id":7693,"href":"https:\/\/informativoelvalledeaguascalientes.online\/index.php?rest_route=\/wp\/v2\/posts\/7691\/revisions\/7693"}],"wp:featuredmedia":[{"embeddable":true,"href":"https:\/\/informativoelvalledeaguascalientes.online\/index.php?rest_route=\/wp\/v2\/media\/7692"}],"wp:attachment":[{"href":"https:\/\/informativoelvalledeaguascalientes.online\/index.php?rest_route=%2Fwp%2Fv2%2Fmedia&parent=7691"}],"wp:term":[{"taxonomy":"category","embeddable":true,"href":"https:\/\/informativoelvalledeaguascalientes.online\/index.php?rest_route=%2Fwp%2Fv2%2Fcategories&post=7691"},{"taxonomy":"post_tag","embeddable":true,"href":"https:\/\/informativoelvalledeaguascalientes.online\/index.php?rest_route=%2Fwp%2Fv2%2Ftags&post=7691"}],"curies":[{"name":"wp","href":"https:\/\/api.w.org\/{rel}","templated":true}]}}