{"id":7688,"date":"2020-06-12T14:25:41","date_gmt":"2020-06-12T20:25:41","guid":{"rendered":"https:\/\/informativoelvalledeaguascalientes.online\/?p=7688"},"modified":"2020-06-12T14:25:41","modified_gmt":"2020-06-12T20:25:41","slug":"solidaridad-y-apoyo-a-estudiantes-aguascalentenses-varados-en-el-extranjero-por-pandemia-tono-martin-del-campo","status":"publish","type":"post","link":"https:\/\/informativoelvalledeaguascalientes.online\/?p=7688","title":{"rendered":"SOLIDARIDAD Y APOYO A ESTUDIANTES AGUASCALENTENSES VARADOS EN EL EXTRANJERO POR PANDEMIA: TO\u00d1O MART\u00cdN DEL CAMPO"},"content":{"rendered":"<ul>\n<li><strong>El legislador federal se comprometi\u00f3 a realizar las gestiones necesarias a fin de que los 17 j\u00f3venes que se encuentran en Chile puedan reunirse con sus familias <\/strong><\/li>\n<\/ul>\n<p><strong>\u00a0<\/strong><\/p>\n<ul>\n<li><strong>Se\u00f1al\u00f3 que ya se encuentra en comunicaci\u00f3n con el Canciller Marcelo Ebrard Y con la Embajada de M\u00e9xico en aquel pa\u00eds para la agilizaci\u00f3n de tr\u00e1mites <\/strong><\/li>\n<\/ul>\n<p><strong><em>\u00a0<\/em><\/strong><\/p>\n<ul>\n<li><strong>Es en estos momentos cuando M\u00e9xico debe permanecer unido para lograr vencer las adversidades <\/strong><\/li>\n<\/ul>\n<p><strong>\u00a0<\/strong><\/p>\n<p>Como muestra de solidaridad y empat\u00eda con todas aquellas personas que de alguna forma se han visto afectadas por la pandemia de COVID-19 en M\u00e9xico, el Senador To\u00f1o Mart\u00edn del Campo ofreci\u00f3 su total apoyo a los estudiantes aguascalentenses que actualmente se encuentran varados en Chile.<\/p>\n<p>&nbsp;<\/p>\n<p>Explic\u00f3 que en d\u00edas pasados sostuvo una charla v\u00eda telef\u00f3nica con Alberto Pureco Garc\u00eda uno de los 17 j\u00f3venes estudiantes de la Universidad Aut\u00f3noma de Aguascalientes (UAA) que se encuentran en aquel pa\u00eds y que a nombre de cada uno de ellos manifest\u00f3 el deseo por volver lo antes posible a nuestro estado para poder reunirse con sus familias.<\/p>\n<p>&nbsp;<\/p>\n<p>Por lo anterior y preocupado por la situaci\u00f3n a la que se enfrentan este grupo de j\u00f3venes, el legislador se\u00f1al\u00f3 que es indispensable recurrir de manera oportuna ante las instancias correspondientes a fin de sumar esfuerzos y poder repatriar a nuestros connacionales. En este sentido dio a conocer que ya present\u00f3 al Secretario de Relaciones, Marcelo Ebrard Casaub\u00f3n un documento que contiene la solicitud para poder traerlos de regreso a sus hogares.<\/p>\n<p>&nbsp;<\/p>\n<p><em>\u201cHoy m\u00e1s que nunca necesitamos un M\u00e9xico unido, es por eso que desde el Senado de la Rep\u00fablica estamos haciendo las gestiones correspondientes ante la Canciller\u00eda Mexicana al igual que tenemos ya comunicaci\u00f3n con la Embajada Mexicana en Chile. Estamos trabajando para que lo m\u00e1s pronto posible ellos puedan estar de regreso\u201d.<\/em><\/p>\n<p>&nbsp;<\/p>\n<p>En este tenor, detall\u00f3 que adem\u00e1s de los universitarios, hay al menos otros 70 mexicanos en la misma situaci\u00f3n y con grandes deseos de regresar a sus lugares de origen en todo el territorio nacional, por lo que aprovech\u00f3 la oportunidad para extender la petici\u00f3n tanto a la Canciller\u00eda como a la Embajada de M\u00e9xico en Chile, de que regresen todos ellos en el mismo transporte aplicando por supuesto las medidas de higiene correspondientes para evitar cualquier riesgo de contagio a su llegada.<\/p>\n<p>&nbsp;<\/p>\n<p>Finalmente el Senador de la Rep\u00fablica hizo un llamado tanto a autoridades como a la sociedad en su conjunto a unir voluntades para poder atravesar por esta crisis de la mejor manera evitando as\u00ed mayores afectaciones a la integridad de las y los mexicanos.<\/p>\n","protected":false},"excerpt":{"rendered":"<p>El legislador federal se comprometi\u00f3 a realizar las gestiones necesarias a fin de que los 17 j\u00f3venes que se encuentran en Chile puedan reunirse con sus familias \u00a0 Se\u00f1al\u00f3 que ya se encuentra en comunicaci\u00f3n con el Canciller Marcelo Ebrard Y con la Embajada de M\u00e9xico en aquel pa\u00eds para la agilizaci\u00f3n de tr\u00e1mites \u00a0 [&hellip;]<\/p>\n","protected":false},"author":1,"featured_media":7689,"comment_status":"closed","ping_status":"open","sticky":false,"template":"","format":"standard","meta":{"advanced_seo_description":"","jetpack_seo_html_title":"","jetpack_seo_noindex":false,"_jetpack_memberships_contains_paid_content":false,"footnotes":"","jetpack_publicize_message":"","jetpack_publicize_feature_enabled":true,"jetpack_social_post_already_shared":true,"jetpack_social_options":{"image_generator_settings":{"template":"highway","default_image_id":0,"font":"","enabled":false},"version":2}},"categories":[21,19,7,6],"tags":[22,23,49],"class_list":["post-7688","post","type-post","status-publish","format-standard","has-post-thumbnail","hentry","category-aguascalientes","category-informacion-general","category-pan-aguascalientes","category-partidos-politicos","tag-aguascalientes","tag-pan-aguascalientes","tag-tono-martin-del-campo"],"jetpack_publicize_connections":[],"jetpack_featured_media_url":"https:\/\/i0.wp.com\/informativoelvalledeaguascalientes.online\/wp-content\/uploads\/2020\/06\/tmc_11062020.jpg?fit=1308%2C846&ssl=1","jetpack-related-posts":[],"jetpack_sharing_enabled":true,"jetpack_likes_enabled":true,"_links":{"self":[{"href":"https:\/\/informativoelvalledeaguascalientes.online\/index.php?rest_route=\/wp\/v2\/posts\/7688","targetHints":{"allow":["GET"]}}],"collection":[{"href":"https:\/\/informativoelvalledeaguascalientes.online\/index.php?rest_route=\/wp\/v2\/posts"}],"about":[{"href":"https:\/\/informativoelvalledeaguascalientes.online\/index.php?rest_route=\/wp\/v2\/types\/post"}],"author":[{"embeddable":true,"href":"https:\/\/informativoelvalledeaguascalientes.online\/index.php?rest_route=\/wp\/v2\/users\/1"}],"replies":[{"embeddable":true,"href":"https:\/\/informativoelvalledeaguascalientes.online\/index.php?rest_route=%2Fwp%2Fv2%2Fcomments&post=7688"}],"version-history":[{"count":1,"href":"https:\/\/informativoelvalledeaguascalientes.online\/index.php?rest_route=\/wp\/v2\/posts\/7688\/revisions"}],"predecessor-version":[{"id":7690,"href":"https:\/\/informativoelvalledeaguascalientes.online\/index.php?rest_route=\/wp\/v2\/posts\/7688\/revisions\/7690"}],"wp:featuredmedia":[{"embeddable":true,"href":"https:\/\/informativoelvalledeaguascalientes.online\/index.php?rest_route=\/wp\/v2\/media\/7689"}],"wp:attachment":[{"href":"https:\/\/informativoelvalledeaguascalientes.online\/index.php?rest_route=%2Fwp%2Fv2%2Fmedia&parent=7688"}],"wp:term":[{"taxonomy":"category","embeddable":true,"href":"https:\/\/informativoelvalledeaguascalientes.online\/index.php?rest_route=%2Fwp%2Fv2%2Fcategories&post=7688"},{"taxonomy":"post_tag","embeddable":true,"href":"https:\/\/informativoelvalledeaguascalientes.online\/index.php?rest_route=%2Fwp%2Fv2%2Ftags&post=7688"}],"curies":[{"name":"wp","href":"https:\/\/api.w.org\/{rel}","templated":true}]}}