{"id":7685,"date":"2020-06-12T14:09:46","date_gmt":"2020-06-12T20:09:46","guid":{"rendered":"https:\/\/informativoelvalledeaguascalientes.online\/?p=7685"},"modified":"2020-06-12T14:09:46","modified_gmt":"2020-06-12T20:09:46","slug":"es-momento-de-garantizar-seguridad-social-para-personal-medico-que-arriesga-su-salud-su-patrimonio-y-la-seguridad-de-sus-familias-gppri","status":"publish","type":"post","link":"https:\/\/informativoelvalledeaguascalientes.online\/?p=7685","title":{"rendered":"ES MOMENTO DE GARANTIZAR SEGURIDAD SOCIAL PARA PERSONAL M\u00c9DICO QUE ARRIESGA SU SALUD, SU PATRIMONIO Y LA SEGURIDAD DE SUS FAMILIAS: GPPRI"},"content":{"rendered":"<p style=\"font-weight: 400;\">Para garantizar la protecci\u00f3n de los derechos y seguridad del personal m\u00e9dico y de enfermer\u00eda, el cual se ubica en una situaci\u00f3n altamente riesgosa y de contagio, el GPPRI en la C\u00e1mara de Diputados plante\u00f3 la creaci\u00f3n de un Centro Federal de Protecci\u00f3n a Personas que Prestan sus Servicios al Sistema de Salud en Contingencias Sanitarias, con el cual se busca una atenci\u00f3n homologada en todas las entidades federativas.<\/p>\n<p style=\"font-weight: 400;\">\n<p style=\"font-weight: 400;\">A trav\u00e9s de la Ley Federal para la Protecci\u00f3n del personal que presta sus servicios al Sistema de Salud en contingencias sanitarias, se busca evitar diferencias en raz\u00f3n a las prioridades de algunos gobernadores, que pudieran no corresponder con las emergencias en las que estamos inmersos y que, de acuerdo con la Organizaci\u00f3n Mundial de la Salud, pudiera replicarse, incluso agravarse, plantearon las diputadas Norma Guel Sald\u00edvar, Mariana Rodr\u00edguez Mier y Ter\u00e1n y el diputado Ren\u00e9 Ju\u00e1rez Cisneros.<\/p>\n<p style=\"font-weight: 400;\">\n<p style=\"font-weight: 400;\">En nombre del Grupo Parlamentario del PRI, las diputadas y el diputado recordaron los actos de discriminaci\u00f3n y violencia en contra de aquellos que laboran en el sistema de salud e inclusive, su familia, y todo esto ante la indiferencia de las autoridades, sin que hayan tomado medidas claras para protegerlos.<\/p>\n<p style=\"font-weight: 400;\">\n<p style=\"font-weight: 400;\">Esta iniciativa pretende terminar con tales situaciones y proteger sus derechos, tanto personales, como los de su familia, a partir de tres elementos: el Centro Federal de Protecci\u00f3n a Personas que Prestan sus Servicios al Sistema de Salud en Contingencias Sanitarias, ser\u00e1 un \u00f3rgano desconcentrado y especializado de la Secretar\u00eda de Salud, con autonom\u00eda t\u00e9cnica y operativa en la aplicaci\u00f3n de las medidas de protecci\u00f3n.<\/p>\n<p style=\"font-weight: 400;\">\n<p style=\"font-weight: 400;\">La finalidad de esta iniciativa es ofrecer medidas de protecci\u00f3n a todo ese personal en situaci\u00f3n de riesgo en materia de salud, con la finalidad de brindar atenci\u00f3n m\u00e9dica y hospitalaria para la recuperaci\u00f3n de las personas protegidas que han sufrido detrimento, afectaci\u00f3n en su salud, o contagio derivado de la prestaci\u00f3n de sus servicios.<\/p>\n<p style=\"font-weight: 400;\">\n<p style=\"font-weight: 400;\">Y en materia de seguridad, brindar las condiciones necesarias de seguridad para preservar su situaci\u00f3n econ\u00f3mica y social.<\/p>\n<p style=\"font-weight: 400;\">\n<p style=\"font-weight: 400;\">\u201cEs el momento de retribuir y garantizar la seguridad social de quienes hoy dan la cara en esta dif\u00edcil situaci\u00f3n, arriesgando su salud, su patrimonio y la seguridad de sus familias. Tenemos la obligaci\u00f3n de velar por ellos y hacer lo correcto\u201d, subray\u00f3 la diputada Guel Sald\u00edvar.<\/p>\n<p style=\"font-weight: 400;\">\n<p style=\"font-weight: 400;\">Los recursos humanos son esenciales para garantizar el acceso de los servicios de salud, pues proveen a la poblaci\u00f3n de personal m\u00e9dico y auxiliar capacitado para las necesidades de la salud. La pandemia por el Covid-19 ha visibilizado la situaci\u00f3n laboral y de prestaci\u00f3n de servicios de muchos profesionistas y personal que labora en dicho sector, enfrenta una pandemia en primera l\u00ednea, se preocupa por la falta de insumos, de protecci\u00f3n, la saturaci\u00f3n en hospitales, de v\u00edctima de actos discriminatorios, cuidarse de posibles ataques de algunos ciudadanos, y en el peor de los casos, perdiendo la vida por el contagio, dejando en un desamparo total a sus familias.<\/p>\n","protected":false},"excerpt":{"rendered":"<p>Para garantizar la protecci\u00f3n de los derechos y seguridad del personal m\u00e9dico y de enfermer\u00eda, el cual se ubica en una situaci\u00f3n altamente riesgosa y de contagio, el GPPRI en la C\u00e1mara de Diputados plante\u00f3 la creaci\u00f3n de un Centro Federal de Protecci\u00f3n a Personas que Prestan sus Servicios al Sistema de Salud en Contingencias [&hellip;]<\/p>\n","protected":false},"author":1,"featured_media":7686,"comment_status":"closed","ping_status":"open","sticky":false,"template":"","format":"standard","meta":{"advanced_seo_description":"","jetpack_seo_html_title":"","jetpack_seo_noindex":false,"_jetpack_memberships_contains_paid_content":false,"footnotes":"","jetpack_publicize_message":"","jetpack_publicize_feature_enabled":true,"jetpack_social_post_already_shared":true,"jetpack_social_options":{"image_generator_settings":{"template":"highway","default_image_id":0,"font":"","enabled":false},"version":2}},"categories":[21,19,6,9],"tags":[22,91],"class_list":["post-7685","post","type-post","status-publish","format-standard","has-post-thumbnail","hentry","category-aguascalientes","category-informacion-general","category-partidos-politicos","category-pri-aguascalientes","tag-aguascalientes","tag-pri-aguascalientes"],"jetpack_publicize_connections":[],"jetpack_featured_media_url":"https:\/\/i0.wp.com\/informativoelvalledeaguascalientes.online\/wp-content\/uploads\/2020\/06\/pri_ags_11062020.jpg?fit=935%2C427&ssl=1","jetpack-related-posts":[],"jetpack_sharing_enabled":true,"jetpack_likes_enabled":true,"_links":{"self":[{"href":"https:\/\/informativoelvalledeaguascalientes.online\/index.php?rest_route=\/wp\/v2\/posts\/7685","targetHints":{"allow":["GET"]}}],"collection":[{"href":"https:\/\/informativoelvalledeaguascalientes.online\/index.php?rest_route=\/wp\/v2\/posts"}],"about":[{"href":"https:\/\/informativoelvalledeaguascalientes.online\/index.php?rest_route=\/wp\/v2\/types\/post"}],"author":[{"embeddable":true,"href":"https:\/\/informativoelvalledeaguascalientes.online\/index.php?rest_route=\/wp\/v2\/users\/1"}],"replies":[{"embeddable":true,"href":"https:\/\/informativoelvalledeaguascalientes.online\/index.php?rest_route=%2Fwp%2Fv2%2Fcomments&post=7685"}],"version-history":[{"count":1,"href":"https:\/\/informativoelvalledeaguascalientes.online\/index.php?rest_route=\/wp\/v2\/posts\/7685\/revisions"}],"predecessor-version":[{"id":7687,"href":"https:\/\/informativoelvalledeaguascalientes.online\/index.php?rest_route=\/wp\/v2\/posts\/7685\/revisions\/7687"}],"wp:featuredmedia":[{"embeddable":true,"href":"https:\/\/informativoelvalledeaguascalientes.online\/index.php?rest_route=\/wp\/v2\/media\/7686"}],"wp:attachment":[{"href":"https:\/\/informativoelvalledeaguascalientes.online\/index.php?rest_route=%2Fwp%2Fv2%2Fmedia&parent=7685"}],"wp:term":[{"taxonomy":"category","embeddable":true,"href":"https:\/\/informativoelvalledeaguascalientes.online\/index.php?rest_route=%2Fwp%2Fv2%2Fcategories&post=7685"},{"taxonomy":"post_tag","embeddable":true,"href":"https:\/\/informativoelvalledeaguascalientes.online\/index.php?rest_route=%2Fwp%2Fv2%2Ftags&post=7685"}],"curies":[{"name":"wp","href":"https:\/\/api.w.org\/{rel}","templated":true}]}}