{"id":7675,"date":"2020-06-11T18:20:18","date_gmt":"2020-06-12T00:20:18","guid":{"rendered":"https:\/\/informativoelvalledeaguascalientes.online\/?p=7675"},"modified":"2020-06-11T18:20:18","modified_gmt":"2020-06-12T00:20:18","slug":"cmov-recibe-donacion-de-gel-antibacterial-que-se-entregara-a-operadores","status":"publish","type":"post","link":"https:\/\/informativoelvalledeaguascalientes.online\/?p=7675","title":{"rendered":"CMOV RECIBE DONACI\u00d3N DE GEL ANTIBACTERIAL QUE SE ENTREGAR\u00c1 A OPERADORES"},"content":{"rendered":"<ul>\n<li style=\"font-weight: 400;\"><strong><em>La empresa Bolt y la Coordinaci\u00f3n General de Movilidad refuerzan las medidas de prevenci\u00f3n en el servicio de transporte<\/em><\/strong><\/li>\n<li style=\"font-weight: 400;\"><strong><em>Los interesados pueden acudir de 09:00 a 15:00 horas a las oficinas de Transporte P\u00fablico a solicitarlo<\/em><\/strong><\/li>\n<\/ul>\n<p style=\"font-weight: 400;\">\n<p style=\"font-weight: 400;\">La Coordinaci\u00f3n General de Movilidad (CMOV) recibi\u00f3 600 litros de gel antibacterial de la empresa de transporte privado\u00a0<em>Bolt<\/em>, el cual ser\u00e1 repartido entre los operadores que prestan el servicio de transporte p\u00fablico y privado de pasajeros.<\/p>\n<p style=\"font-weight: 400;\">\n<p style=\"font-weight: 400;\">Al respecto, Gustavo Guti\u00e9rrez de la Torre, titular de la CMOV, agradeci\u00f3 al gerente regional de Bolt M\u00e9xico, Arturo Valdelamar, la colaboraci\u00f3n de la empresa en la tarea de atender las medidas preventivas establecidas durante la contingencia sanitaria derivada del Covid-19.<\/p>\n<p style=\"font-weight: 400;\">\n<p style=\"font-weight: 400;\">Recalc\u00f3 que con estos insumos se refuerza las medidas preventivas en el sistema de transporte privado que brinda el servicio a trav\u00e9s de las plataformas Uber, Didi, Beat y Bolt, as\u00ed como en las modalidades de colectivo urbano, colectivo for\u00e1neo y taxi.<\/p>\n<p style=\"font-weight: 400;\">\n<p style=\"font-weight: 400;\">Guti\u00e9rrez de la Torre a\u00f1adi\u00f3 que el gel antibacterial es una de las demandas m\u00e1s recurrentes por parte de los trabajadores del volante, por lo que la ayuda recibida ser\u00e1 de mucho provecho en estos momentos de intenso trabajo, tras el regreso paulatino que se ha tenido en las actividades.<\/p>\n<p style=\"font-weight: 400;\">\n<p style=\"font-weight: 400;\">Por su parte, el representante de Bolt asegur\u00f3 que en uni\u00f3n con la CMOV se atiende puntualmente lo establecido en el protocolo en materia de protecci\u00f3n contra riesgos sanitarios de Covid-19, por lo que \u201cse podr\u00e1 superar la emergencia de manera exitosa lo m\u00e1s pronto posible\u201d.<\/p>\n<p style=\"font-weight: 400;\">\n<p style=\"font-weight: 400;\">Finalmente, el director de Transporte P\u00fablico, Juan Humberto Cervantes Moreno, se\u00f1al\u00f3 que los operadores que presten el servicio en cualquiera de las modalidades (urbano, taxi, combi, plataforma) pueden asistir a las oficinas de la CMOV, de 09:00 a 15:00 horas, a rellenar su envase con gel antibacterial.<\/p>\n<p style=\"font-weight: 400;\">\n","protected":false},"excerpt":{"rendered":"<p>La empresa Bolt y la Coordinaci\u00f3n General de Movilidad refuerzan las medidas de prevenci\u00f3n en el servicio de transporte Los interesados pueden acudir de 09:00 a 15:00 horas a las oficinas de Transporte P\u00fablico a solicitarlo La Coordinaci\u00f3n General de Movilidad (CMOV) recibi\u00f3 600 litros de gel antibacterial de la empresa de transporte privado\u00a0Bolt, el [&hellip;]<\/p>\n","protected":false},"author":1,"featured_media":7676,"comment_status":"closed","ping_status":"open","sticky":false,"template":"","format":"standard","meta":{"advanced_seo_description":"","jetpack_seo_html_title":"","jetpack_seo_noindex":false,"_jetpack_memberships_contains_paid_content":false,"footnotes":"","jetpack_publicize_message":"","jetpack_publicize_feature_enabled":true,"jetpack_social_post_already_shared":true,"jetpack_social_options":{"image_generator_settings":{"template":"highway","default_image_id":0,"font":"","enabled":false},"version":2}},"categories":[21,4],"tags":[22,53],"class_list":["post-7675","post","type-post","status-publish","format-standard","has-post-thumbnail","hentry","category-aguascalientes","category-gobierno-del-estado-aguascalientes","tag-aguascalientes","tag-cmov"],"jetpack_publicize_connections":[],"jetpack_featured_media_url":"https:\/\/i0.wp.com\/informativoelvalledeaguascalientes.online\/wp-content\/uploads\/2020\/06\/cmov_11062020.jpg?fit=833%2C625&ssl=1","jetpack-related-posts":[],"jetpack_sharing_enabled":true,"jetpack_likes_enabled":true,"_links":{"self":[{"href":"https:\/\/informativoelvalledeaguascalientes.online\/index.php?rest_route=\/wp\/v2\/posts\/7675","targetHints":{"allow":["GET"]}}],"collection":[{"href":"https:\/\/informativoelvalledeaguascalientes.online\/index.php?rest_route=\/wp\/v2\/posts"}],"about":[{"href":"https:\/\/informativoelvalledeaguascalientes.online\/index.php?rest_route=\/wp\/v2\/types\/post"}],"author":[{"embeddable":true,"href":"https:\/\/informativoelvalledeaguascalientes.online\/index.php?rest_route=\/wp\/v2\/users\/1"}],"replies":[{"embeddable":true,"href":"https:\/\/informativoelvalledeaguascalientes.online\/index.php?rest_route=%2Fwp%2Fv2%2Fcomments&post=7675"}],"version-history":[{"count":1,"href":"https:\/\/informativoelvalledeaguascalientes.online\/index.php?rest_route=\/wp\/v2\/posts\/7675\/revisions"}],"predecessor-version":[{"id":7677,"href":"https:\/\/informativoelvalledeaguascalientes.online\/index.php?rest_route=\/wp\/v2\/posts\/7675\/revisions\/7677"}],"wp:featuredmedia":[{"embeddable":true,"href":"https:\/\/informativoelvalledeaguascalientes.online\/index.php?rest_route=\/wp\/v2\/media\/7676"}],"wp:attachment":[{"href":"https:\/\/informativoelvalledeaguascalientes.online\/index.php?rest_route=%2Fwp%2Fv2%2Fmedia&parent=7675"}],"wp:term":[{"taxonomy":"category","embeddable":true,"href":"https:\/\/informativoelvalledeaguascalientes.online\/index.php?rest_route=%2Fwp%2Fv2%2Fcategories&post=7675"},{"taxonomy":"post_tag","embeddable":true,"href":"https:\/\/informativoelvalledeaguascalientes.online\/index.php?rest_route=%2Fwp%2Fv2%2Ftags&post=7675"}],"curies":[{"name":"wp","href":"https:\/\/api.w.org\/{rel}","templated":true}]}}