{"id":76747,"date":"2025-09-24T20:00:31","date_gmt":"2025-09-25T02:00:31","guid":{"rendered":"https:\/\/informativoelvalledeaguascalientes.online\/?p=76747"},"modified":"2025-09-24T20:00:31","modified_gmt":"2025-09-25T02:00:31","slug":"video-de-color-2-asi-se-vivio-el-3er-informe-de-gobierno-con-las-ninas-y-ninos-de-aguascalientes","status":"publish","type":"post","link":"https:\/\/informativoelvalledeaguascalientes.online\/?p=76747","title":{"rendered":"VIDEO DE COLOR 2: As\u00ed se vivi\u00f3 el 3er Informe de Gobierno con las ni\u00f1as y ni\u00f1os de Aguascalientes"},"content":{"rendered":"<p>#informativoelvalledeaguascalientes #novaradioaguascalientes #informativoelvalledeaguascalientesll #Aguascalientes<\/p>\n<div style=\"width: 478px;\" class=\"wp-video\"><video class=\"wp-video-shortcode\" id=\"video-76747-1\" width=\"478\" height=\"850\" preload=\"metadata\" controls=\"controls\"><source type=\"video\/mp4\" src=\"https:\/\/informativoelvalledeaguascalientes.online\/wp-content\/uploads\/2025\/09\/ninos-2.mp4?_=1\" \/><a href=\"https:\/\/informativoelvalledeaguascalientes.online\/wp-content\/uploads\/2025\/09\/ninos-2.mp4\">https:\/\/informativoelvalledeaguascalientes.online\/wp-content\/uploads\/2025\/09\/ninos-2.mp4<\/a><\/video><\/div>\n<p>&nbsp;<\/p>\n<p>As\u00ed se vivi\u00f3 el 3er Informe de Gobierno con las ni\u00f1as y ni\u00f1os de Aguascalientes en la Mini Ciudad del Parque Rodolfo Landeros. \ud83d\udc67\ud83c\udffb \ud83d\udc66\ud83c\udffb<\/p>\n<p>#TercerInforme<br \/>\n#ElGiganteDeM\u00e9xico<br \/>\n#TereJim\u00e9nez<\/p>\n","protected":false},"excerpt":{"rendered":"<p>#informativoelvalledeaguascalientes #novaradioaguascalientes #informativoelvalledeaguascalientesll #Aguascalientes &nbsp; As\u00ed se vivi\u00f3 el 3er Informe de Gobierno con las ni\u00f1as y ni\u00f1os de Aguascalientes en la Mini Ciudad del Parque Rodolfo Landeros. \ud83d\udc67\ud83c\udffb \ud83d\udc66\ud83c\udffb #TercerInforme #ElGiganteDeM\u00e9xico #TereJim\u00e9nez<\/p>\n","protected":false},"author":1,"featured_media":76749,"comment_status":"closed","ping_status":"open","sticky":false,"template":"","format":"standard","meta":{"advanced_seo_description":"","jetpack_seo_html_title":"","jetpack_seo_noindex":false,"_jetpack_memberships_contains_paid_content":false,"footnotes":"","jetpack_publicize_message":"","jetpack_publicize_feature_enabled":true,"jetpack_social_post_already_shared":true,"jetpack_social_options":{"image_generator_settings":{"template":"highway","default_image_id":0,"font":"","enabled":false},"version":2}},"categories":[21,4],"tags":[22,615,320],"class_list":["post-76747","post","type-post","status-publish","format-standard","has-post-thumbnail","hentry","category-aguascalientes","category-gobierno-del-estado-aguascalientes","tag-aguascalientes","tag-gobierno-del-estado-de-aguascalientes","tag-tere-jimenez"],"jetpack_publicize_connections":[],"jetpack_featured_media_url":"https:\/\/i0.wp.com\/informativoelvalledeaguascalientes.online\/wp-content\/uploads\/2025\/09\/COLOR-VIDEO-2.jpg?fit=400%2C710&ssl=1","jetpack-related-posts":[],"jetpack_sharing_enabled":true,"jetpack_likes_enabled":true,"_links":{"self":[{"href":"https:\/\/informativoelvalledeaguascalientes.online\/index.php?rest_route=\/wp\/v2\/posts\/76747","targetHints":{"allow":["GET"]}}],"collection":[{"href":"https:\/\/informativoelvalledeaguascalientes.online\/index.php?rest_route=\/wp\/v2\/posts"}],"about":[{"href":"https:\/\/informativoelvalledeaguascalientes.online\/index.php?rest_route=\/wp\/v2\/types\/post"}],"author":[{"embeddable":true,"href":"https:\/\/informativoelvalledeaguascalientes.online\/index.php?rest_route=\/wp\/v2\/users\/1"}],"replies":[{"embeddable":true,"href":"https:\/\/informativoelvalledeaguascalientes.online\/index.php?rest_route=%2Fwp%2Fv2%2Fcomments&post=76747"}],"version-history":[{"count":1,"href":"https:\/\/informativoelvalledeaguascalientes.online\/index.php?rest_route=\/wp\/v2\/posts\/76747\/revisions"}],"predecessor-version":[{"id":76750,"href":"https:\/\/informativoelvalledeaguascalientes.online\/index.php?rest_route=\/wp\/v2\/posts\/76747\/revisions\/76750"}],"wp:featuredmedia":[{"embeddable":true,"href":"https:\/\/informativoelvalledeaguascalientes.online\/index.php?rest_route=\/wp\/v2\/media\/76749"}],"wp:attachment":[{"href":"https:\/\/informativoelvalledeaguascalientes.online\/index.php?rest_route=%2Fwp%2Fv2%2Fmedia&parent=76747"}],"wp:term":[{"taxonomy":"category","embeddable":true,"href":"https:\/\/informativoelvalledeaguascalientes.online\/index.php?rest_route=%2Fwp%2Fv2%2Fcategories&post=76747"},{"taxonomy":"post_tag","embeddable":true,"href":"https:\/\/informativoelvalledeaguascalientes.online\/index.php?rest_route=%2Fwp%2Fv2%2Ftags&post=76747"}],"curies":[{"name":"wp","href":"https:\/\/api.w.org\/{rel}","templated":true}]}}