{"id":7671,"date":"2020-06-11T18:18:30","date_gmt":"2020-06-12T00:18:30","guid":{"rendered":"https:\/\/informativoelvalledeaguascalientes.online\/?p=7671"},"modified":"2020-06-11T18:18:30","modified_gmt":"2020-06-12T00:18:30","slug":"12-de-junio-dia-mundial-contra-el-trabajo-infantil-cdhea","status":"publish","type":"post","link":"https:\/\/informativoelvalledeaguascalientes.online\/?p=7671","title":{"rendered":"12 de junio D\u00eda mundial contra el trabajo infantil: CDHEA"},"content":{"rendered":"<p style=\"font-weight: 400;\">En el mundo, cerca de 168 millones de ni\u00f1os siguen siendo v\u00edctimas de trabajo infantil y 85 millones de ellos realizan trabajos peligrosos, al mismo tiempo, hay 75 millones de j\u00f3venes de 15 a 24 a\u00f1os que est\u00e1n desempleados o cuentan con un trabajo precario sin derechos; la Organizaci\u00f3n Internacional del Trabajo (OIT) ha destacado que las razones que justifican la aceleraci\u00f3n de la acci\u00f3n mundial contra el trabajo infantil y la escasez de oportunidades de trabajo decente para los j\u00f3venes son muy claras,\u00a0 por lo que este 12 de junio la\u00a0 celebrar\u00e1 el &#8220;D\u00eda mundial contra el trabajo infantil&#8221; para hacer conciencia acerca de la magnitud de este problema y sumar esfuerzos para erradicar esta realidad.<\/p>\n<p style=\"font-weight: 400;\">\n<p style=\"font-weight: 400;\">Cada a\u00f1o tenemos la oportunidad de fomentar y coordinar las iniciativas de los gobiernos, los patrones, los sindicatos, la sociedad civil, los medios de comunicaci\u00f3n y muchos otros actores locales en la lucha contra el trabajo infantil.<\/p>\n<p style=\"font-weight: 400;\">\n<p style=\"font-weight: 400;\">En este sentido, la UNICEF se ha unido a la OIT en un llamado espec\u00edfico para evitar y eliminar el trabajo infantil en las minas y las canteras, que est\u00e1 considerado como una de las peores formas de trabajo infantil.<\/p>\n<p style=\"font-weight: 400;\">\n<p style=\"font-weight: 400;\">La OIT calcula que un mill\u00f3n de ni\u00f1os y ni\u00f1as en todo el mundo trabajan en minas y canteras a peque\u00f1a escala, una cifra que sigue en aumento en algunas partes del mundo. Adem\u00e1s de correr peligros relacionados con la seguridad y la salud como consecuencia de tener que levantar cargas pesadas, los ni\u00f1os y las ni\u00f1as que trabajan en las canteras de piedra inhalan part\u00edculas y polvo da\u00f1inos y utilizan herramientas y equipos muy peligrosos para pulverizar los minerales.<\/p>\n<p style=\"font-weight: 400;\">\n<p style=\"font-weight: 400;\">Las nuevas estimaciones y tendencias globales se presentan bajo tres categor\u00edas: ni\u00f1os econ\u00f3micamente activos, ni\u00f1os que trabajan y ni\u00f1os que realizan trabajos peligrosos.<\/p>\n<p style=\"font-weight: 400;\">\n<p style=\"font-weight: 400;\">Definiendo la actividad econ\u00f3mica como un concepto amplio que comprende la mayor\u00eda de las actividades productivas realizadas por ni\u00f1os, destinadas o no al mercado, remuneradas o no, por pocas horas o a tiempo completo, de manera ocasional o regular, legal o ilegal; excluye las tareas que los ni\u00f1os realizan en su propio hogar y las actividades escolares. Para ser contabilizado como econ\u00f3micamente activo, un ni\u00f1o debe haber trabajado por lo menos una hora diaria durante un per\u00edodo de referencia de siete d\u00edas. El concepto de ni\u00f1o econ\u00f3micamente activo es m\u00e1s bien una noci\u00f3n estad\u00edstica que jur\u00eddica.<\/p>\n<p style=\"font-weight: 400;\">\n<p style=\"font-weight: 400;\">El trabajo infantil es un concepto m\u00e1s restringido que el de ni\u00f1os econ\u00f3micamente activos, y excluye a todos los ni\u00f1os mayores de 12 a\u00f1os que trabajan s\u00f3lo unas cuantas horas a la semana y que llevan a cabo trabajos ligeros permitidos y los mayores de 15 a\u00f1os que llevan a cabo trabajos que no se califican como peligrosos. El concepto de \u201ctrabajo infantil\u201d se basa en el Convenio sobre la edad m\u00ednima, 1973 (n\u00fam. 138), de la OIT, que contiene la definici\u00f3n m\u00e1s completa y reconocida a nivel internacional del concepto de edad m\u00ednima de admisi\u00f3n al empleo o al trabajo, lo cual implica una actividad econ\u00f3mica.<\/p>\n<p style=\"font-weight: 400;\">\n<p style=\"font-weight: 400;\">Se entiende por trabajo peligroso realizado por ni\u00f1os cualquier actividad u ocupaci\u00f3n que, por su naturaleza o caracter\u00edsticas, tiene, o puede producir, efectos perjudiciales en la seguridad, la salud (f\u00edsica o mental) y el desarrollo moral de los ni\u00f1os. El car\u00e1cter peligroso tambi\u00e9n puede deberse a una carga de trabajo excesiva, a las condiciones f\u00edsicas del trabajo, y\/o a la intensidad del trabajo por su duraci\u00f3n o por el n\u00famero de horas de trabajo, incluso cuando se sabe que la actividad u ocupaci\u00f3n de que se trata no es peligrosa o es segura.<\/p>\n<p style=\"font-weight: 400;\">\n<p style=\"font-weight: 400;\">Seg\u00fan la Unicef, derivado lo lamentable que resulta ser el trabajo infantil, se han plantado 4 estrategias que se busca impulsar en los gobiernos para acabar con el trabajo infantil que son la\u00a0 reducci\u00f3n dr\u00e1stica de la pobreza; acceso a una educaci\u00f3n de calidad y pertinente; dar empleo de calidad a los adultos responsables de los ni\u00f1os y de la ni\u00f1as; y acabar con las normas sociales que legitiman el trabajo infantil.<\/p>\n<p style=\"font-weight: 400;\">\n<p style=\"font-weight: 400;\">Por su parte, la Comisi\u00f3n de Derechos Humanos del Estado de Aguascalientes cuenta con\u00a0 cursos y taller gratuito dirigidos a la poblaci\u00f3n en general cuyo objetivo es sensibilizar a las personas sobre las lamentables consecuencias del Trabajo Infantil; adem\u00e1s, anualmente se imparten conferencias a personal de la Procuradur\u00eda de Protecci\u00f3n de Derechos de Ni\u00f1as, Ni\u00f1os, como parte de su programa de educaci\u00f3n para evitar que cualquier menor de edad est\u00e9 siendo explotado laboralmente durante la verbena.<\/p>\n<p style=\"font-weight: 400;\">\n<p style=\"font-weight: 400;\">Para conocer m\u00e1s sobre este y otros temas, puede consultarlos en la p\u00e1gina\u00a0<a href=\"http:\/\/www.dhags.org\/\" data-saferedirecturl=\"https:\/\/www.google.com\/url?q=http:\/\/www.dhags.org&amp;source=gmail&amp;ust=1591984033587000&amp;usg=AFQjCNFF4w1PeaVPcZ_QpsdNEpI0tbKaqw\">www.dhags.org<\/a>\u00a0, las p\u00e1gina del Facebook Comisi\u00f3n de Derechos Humanos del Estado de Aguascalientes y Derechos Humanos Aguascalientes; o en el tel\u00e9fono 449 140 78 70.<\/p>\n<p>&nbsp;<\/p>\n","protected":false},"excerpt":{"rendered":"<p>En el mundo, cerca de 168 millones de ni\u00f1os siguen siendo v\u00edctimas de trabajo infantil y 85 millones de ellos realizan trabajos peligrosos, al mismo tiempo, hay 75 millones de j\u00f3venes de 15 a 24 a\u00f1os que est\u00e1n desempleados o cuentan con un trabajo precario sin derechos; la Organizaci\u00f3n Internacional del Trabajo (OIT) ha destacado [&hellip;]<\/p>\n","protected":false},"author":1,"featured_media":7673,"comment_status":"closed","ping_status":"open","sticky":false,"template":"","format":"standard","meta":{"advanced_seo_description":"","jetpack_seo_html_title":"","jetpack_seo_noindex":false,"_jetpack_memberships_contains_paid_content":false,"footnotes":"","jetpack_publicize_message":"","jetpack_publicize_feature_enabled":true,"jetpack_social_post_already_shared":true,"jetpack_social_options":{"image_generator_settings":{"template":"highway","default_image_id":0,"font":"","enabled":false},"version":2}},"categories":[21,4],"tags":[22,191],"class_list":["post-7671","post","type-post","status-publish","format-standard","has-post-thumbnail","hentry","category-aguascalientes","category-gobierno-del-estado-aguascalientes","tag-aguascalientes","tag-cedha"],"jetpack_publicize_connections":[],"jetpack_featured_media_url":"https:\/\/i0.wp.com\/informativoelvalledeaguascalientes.online\/wp-content\/uploads\/2020\/06\/cdhea_11062020.jpg?fit=1024%2C538&ssl=1","jetpack-related-posts":[],"jetpack_sharing_enabled":true,"jetpack_likes_enabled":true,"_links":{"self":[{"href":"https:\/\/informativoelvalledeaguascalientes.online\/index.php?rest_route=\/wp\/v2\/posts\/7671","targetHints":{"allow":["GET"]}}],"collection":[{"href":"https:\/\/informativoelvalledeaguascalientes.online\/index.php?rest_route=\/wp\/v2\/posts"}],"about":[{"href":"https:\/\/informativoelvalledeaguascalientes.online\/index.php?rest_route=\/wp\/v2\/types\/post"}],"author":[{"embeddable":true,"href":"https:\/\/informativoelvalledeaguascalientes.online\/index.php?rest_route=\/wp\/v2\/users\/1"}],"replies":[{"embeddable":true,"href":"https:\/\/informativoelvalledeaguascalientes.online\/index.php?rest_route=%2Fwp%2Fv2%2Fcomments&post=7671"}],"version-history":[{"count":1,"href":"https:\/\/informativoelvalledeaguascalientes.online\/index.php?rest_route=\/wp\/v2\/posts\/7671\/revisions"}],"predecessor-version":[{"id":7674,"href":"https:\/\/informativoelvalledeaguascalientes.online\/index.php?rest_route=\/wp\/v2\/posts\/7671\/revisions\/7674"}],"wp:featuredmedia":[{"embeddable":true,"href":"https:\/\/informativoelvalledeaguascalientes.online\/index.php?rest_route=\/wp\/v2\/media\/7673"}],"wp:attachment":[{"href":"https:\/\/informativoelvalledeaguascalientes.online\/index.php?rest_route=%2Fwp%2Fv2%2Fmedia&parent=7671"}],"wp:term":[{"taxonomy":"category","embeddable":true,"href":"https:\/\/informativoelvalledeaguascalientes.online\/index.php?rest_route=%2Fwp%2Fv2%2Fcategories&post=7671"},{"taxonomy":"post_tag","embeddable":true,"href":"https:\/\/informativoelvalledeaguascalientes.online\/index.php?rest_route=%2Fwp%2Fv2%2Ftags&post=7671"}],"curies":[{"name":"wp","href":"https:\/\/api.w.org\/{rel}","templated":true}]}}