{"id":76694,"date":"2025-09-23T22:52:57","date_gmt":"2025-09-24T04:52:57","guid":{"rendered":"https:\/\/informativoelvalledeaguascalientes.online\/?p=76694"},"modified":"2025-09-23T22:52:57","modified_gmt":"2025-09-24T04:52:57","slug":"tono-impulsa-la-economia-de-empresarios-de-aguascalientes-desde-el-senado","status":"publish","type":"post","link":"https:\/\/informativoelvalledeaguascalientes.online\/?p=76694","title":{"rendered":"TO\u00d1O IMPULSA LA ECONOM\u00cdA DE EMPRESARIOS DE AGUASCALIENTES DESDE EL SENADO"},"content":{"rendered":"<p class=\"p1\">#informativoelvalledeaguascalientes<span class=\"Apple-converted-space\">\u00a0 <\/span>#novaradioaguascalientes #informativoelvalledeaguascalientesll #Aguascalientes<\/p>\n<p>&nbsp;<\/p>\n<p class=\"p1\">\n<ul class=\"ul1\">\n<li class=\"li2\">El Senador destac\u00f3 la identidad, tradici\u00f3n y talento del municipio hidroc\u00e1lido.<\/li>\n<li class=\"li2\">Talleres emblem\u00e1ticos de muebles y artesanos locales exhiben la riqueza cultural de la regi\u00f3n.<\/li>\n<\/ul>\n<p>&nbsp;<\/p>\n<p class=\"p2\">El Senador por Aguascalientes, To\u00f1o Mart\u00edn del Campo, inaugur\u00f3 en el Senado de la Rep\u00fablica la exposici\u00f3n de muebles y artesan\u00edas de Jes\u00fas Mar\u00eda, municipio que calific\u00f3 como un ejemplo de identidad, tradici\u00f3n y orgullo para los hidroc\u00e1lidos.<\/p>\n<p class=\"p2\">\u201cPara m\u00ed, como representante de Aguascalientes, es un honor inaugurar esta exposici\u00f3n dedicada al municipio de Jes\u00fas Mar\u00eda, un lugar que refleja la esencia de lo que somos como estado: tierra de gente buena, trabajadora y orgullosa de sus ra\u00edces\u201d, expres\u00f3.<\/p>\n<p class=\"p2\">Durante su intervenci\u00f3n, subray\u00f3 que Jes\u00fas Mar\u00eda es el segundo municipio m\u00e1s poblado de Aguascalientes, reconocido por su Feria de los Chicahuales, la hospitalidad de su gente, sus paisajes y su papel estrat\u00e9gico en el desarrollo del estado.<\/p>\n<p class=\"p2\">La exposici\u00f3n incluye muebles elaborados por talleres representativos como Muebles Regencia, Muebles San Miguel, Muebles Cl\u00e1sicos Jes\u00fas Mar\u00eda, Muebles San Francisco y Muebles Finos Restauraci\u00f3n, adem\u00e1s de artesan\u00edas, productos vitivin\u00edcolas y la presencia de la reina y princesas de la Feria de los Chicahuales.<\/p>\n<p class=\"p2\">Mart\u00edn del Campo destac\u00f3 que cada pieza exhibida es producto de manos hidroc\u00e1lidas que transforman la tradici\u00f3n en arte y que proyectan a Aguascalientes a nivel nacional. Se\u00f1al\u00f3 que esta muestra no solo representa el talento artesanal, sino tambi\u00e9n la historia y la creatividad de un municipio que combina tradici\u00f3n y modernidad.<\/p>\n<p class=\"p2\">\u201cQuiero agradecer a todas y todos quienes hicieron posible esta exposici\u00f3n. Gracias a la gente del municipio de Jes\u00fas Mar\u00eda por traer hasta el Senado un pedacito de nuestra tierra hidroc\u00e1lida\u201d, afirm\u00f3 el legislador, al declarar formalmente inaugurado el evento.<\/p>\n","protected":false},"excerpt":{"rendered":"<p>#informativoelvalledeaguascalientes\u00a0 #novaradioaguascalientes #informativoelvalledeaguascalientesll #Aguascalientes &nbsp; El Senador destac\u00f3 la identidad, tradici\u00f3n y talento del municipio hidroc\u00e1lido. Talleres emblem\u00e1ticos de muebles y artesanos locales exhiben la riqueza cultural de la regi\u00f3n. &nbsp; El Senador por Aguascalientes, To\u00f1o Mart\u00edn del Campo, inaugur\u00f3 en el Senado de la Rep\u00fablica la exposici\u00f3n de muebles y artesan\u00edas de Jes\u00fas Mar\u00eda, [&hellip;]<\/p>\n","protected":false},"author":1,"featured_media":76695,"comment_status":"closed","ping_status":"open","sticky":false,"template":"","format":"standard","meta":{"advanced_seo_description":"","jetpack_seo_html_title":"","jetpack_seo_noindex":false,"_jetpack_memberships_contains_paid_content":false,"footnotes":"","jetpack_publicize_message":"","jetpack_publicize_feature_enabled":true,"jetpack_social_post_already_shared":true,"jetpack_social_options":{"image_generator_settings":{"template":"highway","default_image_id":0,"font":"","enabled":false},"version":2}},"categories":[21,7],"tags":[22,23,43],"class_list":["post-76694","post","type-post","status-publish","format-standard","has-post-thumbnail","hentry","category-aguascalientes","category-pan-aguascalientes","tag-aguascalientes","tag-pan-aguascalientes","tag-pan-aguascalientes-cde"],"jetpack_publicize_connections":[],"jetpack_featured_media_url":"https:\/\/i0.wp.com\/informativoelvalledeaguascalientes.online\/wp-content\/uploads\/2025\/09\/841b5e42-ff82-417e-b3c9-706be12ce78b.jpg?fit=1280%2C853&ssl=1","jetpack-related-posts":[],"jetpack_sharing_enabled":true,"jetpack_likes_enabled":true,"_links":{"self":[{"href":"https:\/\/informativoelvalledeaguascalientes.online\/index.php?rest_route=\/wp\/v2\/posts\/76694","targetHints":{"allow":["GET"]}}],"collection":[{"href":"https:\/\/informativoelvalledeaguascalientes.online\/index.php?rest_route=\/wp\/v2\/posts"}],"about":[{"href":"https:\/\/informativoelvalledeaguascalientes.online\/index.php?rest_route=\/wp\/v2\/types\/post"}],"author":[{"embeddable":true,"href":"https:\/\/informativoelvalledeaguascalientes.online\/index.php?rest_route=\/wp\/v2\/users\/1"}],"replies":[{"embeddable":true,"href":"https:\/\/informativoelvalledeaguascalientes.online\/index.php?rest_route=%2Fwp%2Fv2%2Fcomments&post=76694"}],"version-history":[{"count":1,"href":"https:\/\/informativoelvalledeaguascalientes.online\/index.php?rest_route=\/wp\/v2\/posts\/76694\/revisions"}],"predecessor-version":[{"id":76696,"href":"https:\/\/informativoelvalledeaguascalientes.online\/index.php?rest_route=\/wp\/v2\/posts\/76694\/revisions\/76696"}],"wp:featuredmedia":[{"embeddable":true,"href":"https:\/\/informativoelvalledeaguascalientes.online\/index.php?rest_route=\/wp\/v2\/media\/76695"}],"wp:attachment":[{"href":"https:\/\/informativoelvalledeaguascalientes.online\/index.php?rest_route=%2Fwp%2Fv2%2Fmedia&parent=76694"}],"wp:term":[{"taxonomy":"category","embeddable":true,"href":"https:\/\/informativoelvalledeaguascalientes.online\/index.php?rest_route=%2Fwp%2Fv2%2Fcategories&post=76694"},{"taxonomy":"post_tag","embeddable":true,"href":"https:\/\/informativoelvalledeaguascalientes.online\/index.php?rest_route=%2Fwp%2Fv2%2Ftags&post=76694"}],"curies":[{"name":"wp","href":"https:\/\/api.w.org\/{rel}","templated":true}]}}