{"id":76690,"date":"2025-09-23T22:47:01","date_gmt":"2025-09-24T04:47:01","guid":{"rendered":"https:\/\/informativoelvalledeaguascalientes.online\/?p=76690"},"modified":"2025-09-23T22:47:01","modified_gmt":"2025-09-24T04:47:01","slug":"video-informacion-muebleros-de-jesus-maria-llegan-al-senado-a-exponer-su-trabajo","status":"publish","type":"post","link":"https:\/\/informativoelvalledeaguascalientes.online\/?p=76690","title":{"rendered":"VIDEO INFORMACION: Muebleros de Jes\u00fas Mar\u00eda Llegan al Senado a exponer su trabajo"},"content":{"rendered":"<p class=\"p1\">#informativoelvalledeaguascalientes<span class=\"Apple-converted-space\">\u00a0 <\/span>#novaradioaguascalientes #informativoelvalledeaguascalientesll #Aguascalientes<\/p>\n<div style=\"width: 640px;\" class=\"wp-video\"><video class=\"wp-video-shortcode\" id=\"video-76690-1\" width=\"640\" height=\"1138\" preload=\"metadata\" controls=\"controls\"><source type=\"video\/mp4\" src=\"https:\/\/informativoelvalledeaguascalientes.online\/wp-content\/uploads\/2025\/09\/WhatsApp-Video-2025-09-23-at-8.10.23-PM.mp4?_=1\" \/><a href=\"https:\/\/informativoelvalledeaguascalientes.online\/wp-content\/uploads\/2025\/09\/WhatsApp-Video-2025-09-23-at-8.10.23-PM.mp4\">https:\/\/informativoelvalledeaguascalientes.online\/wp-content\/uploads\/2025\/09\/WhatsApp-Video-2025-09-23-at-8.10.23-PM.mp4<\/a><\/video><\/div>\n<p>&nbsp;<\/p>\n<p>\u2022Se estima que esta iniciativa podr\u00e1 beneficiar directamente a m\u00e1s de cinco mil personas<\/p>\n<p>&nbsp;<\/p>\n<p>El Senado de la Rep\u00fablica fue sede de la exposici\u00f3n de muebles artesanales elaborados por talentosos carpinteros del municipio de Jes\u00fas Mar\u00eda, Aguascalientes. El evento fue encabezado por el presidente municipal, C\u00e9sar Medina, y cont\u00f3 con la presencia de destacadas figuras pol\u00edticas como Ricardo Anaya, el senador To\u00f1o Mart\u00edn del Campo, integrantes del Grupo Parlamentario del PAN, as\u00ed como representantes federales de dicho partido.<\/p>\n<p>Esta exposici\u00f3n tiene como objetivo dar visibilidad al talento y la calidad de los muebles producidos en Jes\u00fas Mar\u00eda, con la finalidad de abrir nuevos mercados y generar oportunidades de crecimiento econ\u00f3mico para el municipio.<\/p>\n<p>Se estima que esta iniciativa podr\u00e1 beneficiar directamente a m\u00e1s de cinco mil personas que forman parte de la cadena productiva de la industria del mueble en el municipio.<\/p>\n<p>Durante su participaci\u00f3n, el senador To\u00f1o Mart\u00edn del Campo reconoci\u00f3 la calidad del trabajo artesanal de los productores:<\/p>\n<p>\u201cLos muebles de Jes\u00fas Mar\u00eda no solo son los mejores de M\u00e9xico, \u00a1son los mejores del mundo!\u201d \u2014afirm\u00f3.<\/p>\n<p>Por su parte, el alcalde C\u00e9sar Medina destac\u00f3 el esfuerzo, la dedicaci\u00f3n y el valor humano detr\u00e1s de cada pieza:<\/p>\n<p>\u201cTraer los muebles hasta este recinto y mostrarlos no es una tarea f\u00e1cil. En cada uno de ellos se refleja el esp\u00edritu de trabajo de nuestros carpinteros. Son piezas hechas de forma completamente artesanal, donde cada creador pone su empe\u00f1o, dedicaci\u00f3n y talento. Son verdaderas obras de arte que reflejan el alma de Jes\u00fas Mar\u00eda\u201d, expres\u00f3. \u201cEsta es una industria muy importante para nosotros. En Jes\u00fas Mar\u00eda existen m\u00e1s de 120 entidades econ\u00f3micas dedicadas al sector mueblero, que dan sustento a m\u00e1s de 5,000 familias: desde carpinteros, detallistas y pintores, hasta escultores y acabadores. Esta exposici\u00f3n es una ventana para que M\u00e9xico y el mundo reconozcan su trabajo y su potencial\u201d.<\/p>\n<p>La muestra fue bien recibida por legisladores y visitantes, quienes coincidieron en reconocer el valor del trabajo artesanal como un ejemplo del talento local y una importante fuente de desarrollo econ\u00f3mico para el municipio.<\/p>\n","protected":false},"excerpt":{"rendered":"<p>#informativoelvalledeaguascalientes\u00a0 #novaradioaguascalientes #informativoelvalledeaguascalientesll #Aguascalientes &nbsp; \u2022Se estima que esta iniciativa podr\u00e1 beneficiar directamente a m\u00e1s de cinco mil personas &nbsp; El Senado de la Rep\u00fablica fue sede de la exposici\u00f3n de muebles artesanales elaborados por talentosos carpinteros del municipio de Jes\u00fas Mar\u00eda, Aguascalientes. El evento fue encabezado por el presidente municipal, C\u00e9sar Medina, y cont\u00f3 [&hellip;]<\/p>\n","protected":false},"author":1,"featured_media":76691,"comment_status":"closed","ping_status":"open","sticky":false,"template":"","format":"standard","meta":{"advanced_seo_description":"","jetpack_seo_html_title":"","jetpack_seo_noindex":false,"_jetpack_memberships_contains_paid_content":false,"footnotes":"","jetpack_publicize_message":"","jetpack_publicize_feature_enabled":true,"jetpack_social_post_already_shared":true,"jetpack_social_options":{"image_generator_settings":{"template":"highway","default_image_id":0,"font":"","enabled":false},"version":2}},"categories":[21,14],"tags":[22,45],"class_list":["post-76690","post","type-post","status-publish","format-standard","has-post-thumbnail","hentry","category-aguascalientes","category-jesus-maria-aguascalientes","tag-aguascalientes","tag-jesus-maria-aguascalientes"],"jetpack_publicize_connections":[],"jetpack_featured_media_url":"https:\/\/i0.wp.com\/informativoelvalledeaguascalientes.online\/wp-content\/uploads\/2025\/09\/Captura-de-pantalla-2025-09-23-a-las-10.41.31-p.m.png?fit=346%2C624&ssl=1","jetpack-related-posts":[],"jetpack_sharing_enabled":true,"jetpack_likes_enabled":true,"_links":{"self":[{"href":"https:\/\/informativoelvalledeaguascalientes.online\/index.php?rest_route=\/wp\/v2\/posts\/76690","targetHints":{"allow":["GET"]}}],"collection":[{"href":"https:\/\/informativoelvalledeaguascalientes.online\/index.php?rest_route=\/wp\/v2\/posts"}],"about":[{"href":"https:\/\/informativoelvalledeaguascalientes.online\/index.php?rest_route=\/wp\/v2\/types\/post"}],"author":[{"embeddable":true,"href":"https:\/\/informativoelvalledeaguascalientes.online\/index.php?rest_route=\/wp\/v2\/users\/1"}],"replies":[{"embeddable":true,"href":"https:\/\/informativoelvalledeaguascalientes.online\/index.php?rest_route=%2Fwp%2Fv2%2Fcomments&post=76690"}],"version-history":[{"count":1,"href":"https:\/\/informativoelvalledeaguascalientes.online\/index.php?rest_route=\/wp\/v2\/posts\/76690\/revisions"}],"predecessor-version":[{"id":76693,"href":"https:\/\/informativoelvalledeaguascalientes.online\/index.php?rest_route=\/wp\/v2\/posts\/76690\/revisions\/76693"}],"wp:featuredmedia":[{"embeddable":true,"href":"https:\/\/informativoelvalledeaguascalientes.online\/index.php?rest_route=\/wp\/v2\/media\/76691"}],"wp:attachment":[{"href":"https:\/\/informativoelvalledeaguascalientes.online\/index.php?rest_route=%2Fwp%2Fv2%2Fmedia&parent=76690"}],"wp:term":[{"taxonomy":"category","embeddable":true,"href":"https:\/\/informativoelvalledeaguascalientes.online\/index.php?rest_route=%2Fwp%2Fv2%2Fcategories&post=76690"},{"taxonomy":"post_tag","embeddable":true,"href":"https:\/\/informativoelvalledeaguascalientes.online\/index.php?rest_route=%2Fwp%2Fv2%2Ftags&post=76690"}],"curies":[{"name":"wp","href":"https:\/\/api.w.org\/{rel}","templated":true}]}}