{"id":76621,"date":"2025-09-22T21:53:54","date_gmt":"2025-09-23T03:53:54","guid":{"rendered":"https:\/\/informativoelvalledeaguascalientes.online\/?p=76621"},"modified":"2025-09-22T21:53:54","modified_gmt":"2025-09-23T03:53:54","slug":"entrega-tere-jimenez-nueva-primaria-en-real-del-sol-acercando-espacios-educativos-a-ninas-y-ninos-de-la-zona","status":"publish","type":"post","link":"https:\/\/informativoelvalledeaguascalientes.online\/?p=76621","title":{"rendered":"ENTREGA TERE JIM\u00c9NEZ NUEVA PRIMARIA EN REAL DEL SOL, ACERCANDO ESPACIOS EDUCATIVOS A NI\u00d1AS Y NI\u00d1OS DE LA ZONA"},"content":{"rendered":"<p class=\"p1\">#informativoelvalledeaguascalientes<span class=\"Apple-converted-space\">\u00a0 <\/span>#novaradioaguascalientes #informativoelvalledeaguascalientesll #Aguascalientes<\/p>\n<p>&nbsp;<\/p>\n<p>&nbsp;<\/p>\n<p>* La obra tuvo una inversi\u00f3n superior a 33 millones de pesos<br \/>\n* Madres y padres de familia celebraron que sus hijos ahora tienen una escuela cercana, digna y segura<\/p>\n<p>&nbsp;<\/p>\n<p>La gobernadora de Aguascalientes, Tere Jim\u00e9nez, encabez\u00f3 la entrega oficial de la Escuela Primaria de Nueva Creaci\u00f3n en el fraccionamiento Real del Sol, una obra que ya est\u00e1 marcando la diferencia para las familias de la zona.<\/p>\n<p>\u201cLa educaci\u00f3n es la base para que las y los ni\u00f1os alcancen sus sue\u00f1os, la llave para que puedan conquistar el mundo entero, por eso hoy m\u00e1s que nunca, en la historia de Aguascalientes, hemos invertido en infraestructura educativa. Desde un inicio dije que mi gobierno estar\u00eda dedicado a las ni\u00f1as y ni\u00f1os de Aguascalientes, pues la educaci\u00f3n es conocimiento y si est\u00e1n bien preparados van a lograr sus metas y objetivos, porque s\u00e9 que vamos a tener un mejor futuro con la educaci\u00f3n\u201d, les dijo la gobernadora.<\/p>\n<p>Leonardo Monta\u00f1ez Castro, presidente municipal de Aguascalientes, agradeci\u00f3 a la gobernadora por la inversi\u00f3n que ha realizado en las escuelas de la capital, siempre pensando en mejorar la calidad de vida de las ni\u00f1as y ni\u00f1os.<\/p>\n<p>J. Jes\u00fas Lara Ram\u00edrez, director general del Instituto de Infraestructura F\u00edsica Educativa del Estado, inform\u00f3 que la escuela est\u00e1 edificada a 12 metros de profundidad por las caracter\u00edsticas del predio y que se realiz\u00f3 una inversi\u00f3n superior a 33 millones de pesos. Detall\u00f3 que est\u00e1 equipada con seis aulas did\u00e1cticas, laboratorio de c\u00f3mputo, direcci\u00f3n, bodega, sanitarios, plaza c\u00edvica, cancha techada de usos m\u00faltiples, cerco perimetral, cisterna, caseta de m\u00e1quinas, sistema de videovigilancia y m\u00e1s para que las y los alumnos se desarrollen.<\/p>\n<p>Durante la ceremonia, que incluy\u00f3 los honores a la bandera, la directora Claudia Magali V\u00e1zquez Ruvalcaba habl\u00f3 con entusiasmo del impacto que este nuevo espacio tendr\u00e1 en la comunidad.<\/p>\n<p>\u201cHoy es un d\u00eda hist\u00f3rico y de gran alegr\u00eda: su visita, gobernadora, marca un momento trascendental, pues con su respaldo y compromiso con la educaci\u00f3n damos inicio a una nueva historia que comienza a escribirse en este plantel, una historia que representa esperanza, desarrollo y oportunidades para las ni\u00f1as, ni\u00f1os y adolescentes que formar\u00e1n parte de esta escuela.\u2029La apertura de esta instituci\u00f3n significa un futuro lleno de posibilidades. Hoy usted refrenda el compromiso de su administraci\u00f3n con la educaci\u00f3n, motor principal del progreso y piedra angular de una sociedad justa, solidaria y pr\u00f3spera. A nombre de esta comunidad educativa, le expresamos nuestro profundo agradecimiento\u201d, dijo la directora.<\/p>\n<p>Por su parte, Flor Carola Najar C\u00e1rdenas, representante de padres y madres de familia, destac\u00f3 que por fin sus hijos podr\u00e1n estudiar cerca de casa, en condiciones dignas y seguras.<\/p>\n<p>\u201cQueremos agradecerle profundamente por hacer realidad esta escuela que representa un cambio muy importante para nuestros hijos, pues antes ten\u00edamos que llevarlos a lugares m\u00e1s lejanos. Con la construcci\u00f3n de esta escuela se nos da la oportunidad de contar con un espacio digno, cercano y seguro; hoy nos sentimos respaldados y muy agradecidos por esta gesti\u00f3n que pone en primer lugar a la educaci\u00f3n. Gracias, gobernadora, por materializar este sue\u00f1o que hoy celebramos con alegr\u00eda y esperanza\u201d, dijo la madre de familia.<\/p>\n<p>El evento cont\u00f3 con la presencia de Humberto Montero de Alba, presidente de la Mesa Directiva del H. Congreso del Estado; Luc\u00eda de Le\u00f3n Urs\u00faa, presidente de la Comisi\u00f3n de Educaci\u00f3n y Cultura del H. Congreso del Estado; Emanuelle S\u00e1nchez N\u00e1jera, diputado local; Luis Enrique Guti\u00e9rrez Reynoso, director general del Instituto de Educaci\u00f3n de Aguascalientes; Adriana Ochoa D\u00edaz, secretaria general de la Secci\u00f3n Uno del SNTE; Aquiles Romero Gonz\u00e1lez, titular de la oficina de Enlace Educativo y representante de la SEP; Vicente P\u00e9rez Almanza, coordinador de Guardianes del Agua; y Mateo Zamudio Mart\u00ednez, alumno del plantel.<\/p>\n","protected":false},"excerpt":{"rendered":"<p>#informativoelvalledeaguascalientes\u00a0 #novaradioaguascalientes #informativoelvalledeaguascalientesll #Aguascalientes &nbsp; &nbsp; * La obra tuvo una inversi\u00f3n superior a 33 millones de pesos * Madres y padres de familia celebraron que sus hijos ahora tienen una escuela cercana, digna y segura &nbsp; La gobernadora de Aguascalientes, Tere Jim\u00e9nez, encabez\u00f3 la entrega oficial de la Escuela Primaria de Nueva Creaci\u00f3n en [&hellip;]<\/p>\n","protected":false},"author":1,"featured_media":76622,"comment_status":"closed","ping_status":"open","sticky":false,"template":"","format":"standard","meta":{"advanced_seo_description":"","jetpack_seo_html_title":"","jetpack_seo_noindex":false,"_jetpack_memberships_contains_paid_content":false,"footnotes":"","jetpack_publicize_message":"","jetpack_publicize_feature_enabled":true,"jetpack_social_post_already_shared":true,"jetpack_social_options":{"image_generator_settings":{"template":"highway","default_image_id":0,"font":"","enabled":false},"version":2}},"categories":[21,4],"tags":[22,615,113],"class_list":["post-76621","post","type-post","status-publish","format-standard","has-post-thumbnail","hentry","category-aguascalientes","category-gobierno-del-estado-aguascalientes","tag-aguascalientes","tag-gobierno-del-estado-de-aguascalientes","tag-idea"],"jetpack_publicize_connections":[],"jetpack_featured_media_url":"https:\/\/i0.wp.com\/informativoelvalledeaguascalientes.online\/wp-content\/uploads\/2025\/09\/349c4a8e-7c0f-405a-896c-79cb5bbae7a4.jpg?fit=1584%2C1056&ssl=1","jetpack-related-posts":[],"jetpack_sharing_enabled":true,"jetpack_likes_enabled":true,"_links":{"self":[{"href":"https:\/\/informativoelvalledeaguascalientes.online\/index.php?rest_route=\/wp\/v2\/posts\/76621","targetHints":{"allow":["GET"]}}],"collection":[{"href":"https:\/\/informativoelvalledeaguascalientes.online\/index.php?rest_route=\/wp\/v2\/posts"}],"about":[{"href":"https:\/\/informativoelvalledeaguascalientes.online\/index.php?rest_route=\/wp\/v2\/types\/post"}],"author":[{"embeddable":true,"href":"https:\/\/informativoelvalledeaguascalientes.online\/index.php?rest_route=\/wp\/v2\/users\/1"}],"replies":[{"embeddable":true,"href":"https:\/\/informativoelvalledeaguascalientes.online\/index.php?rest_route=%2Fwp%2Fv2%2Fcomments&post=76621"}],"version-history":[{"count":1,"href":"https:\/\/informativoelvalledeaguascalientes.online\/index.php?rest_route=\/wp\/v2\/posts\/76621\/revisions"}],"predecessor-version":[{"id":76623,"href":"https:\/\/informativoelvalledeaguascalientes.online\/index.php?rest_route=\/wp\/v2\/posts\/76621\/revisions\/76623"}],"wp:featuredmedia":[{"embeddable":true,"href":"https:\/\/informativoelvalledeaguascalientes.online\/index.php?rest_route=\/wp\/v2\/media\/76622"}],"wp:attachment":[{"href":"https:\/\/informativoelvalledeaguascalientes.online\/index.php?rest_route=%2Fwp%2Fv2%2Fmedia&parent=76621"}],"wp:term":[{"taxonomy":"category","embeddable":true,"href":"https:\/\/informativoelvalledeaguascalientes.online\/index.php?rest_route=%2Fwp%2Fv2%2Fcategories&post=76621"},{"taxonomy":"post_tag","embeddable":true,"href":"https:\/\/informativoelvalledeaguascalientes.online\/index.php?rest_route=%2Fwp%2Fv2%2Ftags&post=76621"}],"curies":[{"name":"wp","href":"https:\/\/api.w.org\/{rel}","templated":true}]}}