{"id":76614,"date":"2025-09-22T21:45:43","date_gmt":"2025-09-23T03:45:43","guid":{"rendered":"https:\/\/informativoelvalledeaguascalientes.online\/?p=76614"},"modified":"2025-09-22T21:45:43","modified_gmt":"2025-09-23T03:45:43","slug":"se-afina-convocatoria-para-el-foro-de-educacion-y-condicion-del-espectro-autista-de-la-ley-al-aula","status":"publish","type":"post","link":"https:\/\/informativoelvalledeaguascalientes.online\/?p=76614","title":{"rendered":"SE AFINA CONVOCATORIA PARA EL FORO DE EDUCACI\u00d3N Y CONDICI\u00d3N DEL ESPECTRO AUTISTA: \u201cDE LA LEY AL AULA\u201d"},"content":{"rendered":"<p class=\"p1\">#informativoelvalledeaguascalientes<span class=\"Apple-converted-space\">\u00a0 <\/span>#novaradioaguascalientes #informativoelvalledeaguascalientesll #Aguascalientes<\/p>\n<p style=\"font-weight: 400;\">\n<p style=\"font-weight: 400;\">\n<p style=\"font-weight: 400;\">La Diputada Mirna Rubiela Medina Ruvalcaba y la Diputada Lucia de Le\u00f3n Urs\u00faa, ambas diputadas locales del H. Congreso del Estado de Aguascalientes, a trav\u00e9s de la Comisi\u00f3n de la Familia y Derechos de la Ni\u00f1ez y la Comisi\u00f3n de Educaci\u00f3n y Cultura, convocan a la sociedad en general a participar en el Foro de Consulta P\u00fablica Estatal \u201cDe la Ley al Aula\u201d, que se llevar\u00e1 a cabo el lunes 13 de septiembre de 2025, de 9:00 a 13:00 horas, en el vest\u00edbulo del Palacio Legislativo.<\/p>\n<p style=\"font-weight: 400;\">\n<p style=\"font-weight: 400;\">El objetivo del encuentro es abrir un espacio plural y participativo que permita recabar propuestas, experiencias y observaciones de los distintos sectores de la comunidad educativa, con el fin de construir una educaci\u00f3n m\u00e1s inclusiva, accesible y de calidad.<\/p>\n<p style=\"font-weight: 400;\">\n<p style=\"font-weight: 400;\">Durante el foro se abordar\u00e1n seis ejes centrales:<\/p>\n<p style=\"font-weight: 400;\">\n<ol>\n<li style=\"font-weight: 400;\">Armonizaci\u00f3n legislativa en materia de educaci\u00f3n inclusiva y no discriminaci\u00f3n.<\/li>\n<li style=\"font-weight: 400;\">Modelos pedag\u00f3gicos y ajustes razonables para estudiantes con discapacidad, autismo y neurodivergencia.<\/li>\n<li style=\"font-weight: 400;\">Capacitaci\u00f3n docente y sensibilizaci\u00f3n en derechos humanos e inclusi\u00f3n.<\/li>\n<li style=\"font-weight: 400;\">Infraestructura y recursos accesibles en planteles educativos.<\/li>\n<li style=\"font-weight: 400;\">Participaci\u00f3n de las familias y comunidades en la construcci\u00f3n de entornos escolares inclusivos.<\/li>\n<li style=\"font-weight: 400;\">Evaluaci\u00f3n y seguimiento de pol\u00edticas p\u00fablicas en materia de educaci\u00f3n inclusiva.<\/li>\n<\/ol>\n<p style=\"font-weight: 400;\">\n<p style=\"font-weight: 400;\">Se invita de manera especial a personas con discapacidad, personas autistas y neurodivergentes, madres y padres de familia, docentes, investigadores, autoridades educativas y organizaciones de la sociedad civil, quienes podr\u00e1n presentar propuestas en distintos formatos accesibles: texto, video en Lengua de Se\u00f1as Mexicana, audio, lectura f\u00e1cil o sistemas aumentativos y alternativos de comunicaci\u00f3n.<\/p>\n<p style=\"font-weight: 400;\">\n<p style=\"font-weight: 400;\">Las aportaciones obtenidas ser\u00e1n insumo para la formulaci\u00f3n de iniciativas legislativas que fortalezcan el marco jur\u00eddico en materia educativa y garanticen la igualdad de oportunidades, la no discriminaci\u00f3n y la plena participaci\u00f3n de todas las personas en el sistema educativo.<\/p>\n<p style=\"font-weight: 400;\">\n<p style=\"font-weight: 400;\">Medina Ruvalcaba destac\u00f3 que con esta iniciativa, el H. Congreso del Estado de Aguascalientes, reafirma su compromiso de poner al centro a las personas y hacer de la educaci\u00f3n inclusiva una realidad en Aguascalientes.<\/p>\n","protected":false},"excerpt":{"rendered":"<p>#informativoelvalledeaguascalientes\u00a0 #novaradioaguascalientes #informativoelvalledeaguascalientesll #Aguascalientes La Diputada Mirna Rubiela Medina Ruvalcaba y la Diputada Lucia de Le\u00f3n Urs\u00faa, ambas diputadas locales del H. Congreso del Estado de Aguascalientes, a trav\u00e9s de la Comisi\u00f3n de la Familia y Derechos de la Ni\u00f1ez y la Comisi\u00f3n de Educaci\u00f3n y Cultura, convocan a la sociedad en general a participar [&hellip;]<\/p>\n","protected":false},"author":1,"featured_media":76615,"comment_status":"closed","ping_status":"open","sticky":false,"template":"","format":"standard","meta":{"advanced_seo_description":"","jetpack_seo_html_title":"","jetpack_seo_noindex":false,"_jetpack_memberships_contains_paid_content":false,"footnotes":"","jetpack_publicize_message":"","jetpack_publicize_feature_enabled":true,"jetpack_social_post_already_shared":true,"jetpack_social_options":{"image_generator_settings":{"template":"highway","default_image_id":0,"font":"","enabled":false},"version":2}},"categories":[21,5],"tags":[22,872],"class_list":["post-76614","post","type-post","status-publish","format-standard","has-post-thumbnail","hentry","category-aguascalientes","category-h-congreso-del-estado-aguascalientes","tag-aguascalientes","tag-lxvi-legislatura-aguascalientes"],"jetpack_publicize_connections":[],"jetpack_featured_media_url":"https:\/\/i0.wp.com\/informativoelvalledeaguascalientes.online\/wp-content\/uploads\/2025\/09\/0-2.jpg?fit=789%2C592&ssl=1","jetpack-related-posts":[],"jetpack_sharing_enabled":true,"jetpack_likes_enabled":true,"_links":{"self":[{"href":"https:\/\/informativoelvalledeaguascalientes.online\/index.php?rest_route=\/wp\/v2\/posts\/76614","targetHints":{"allow":["GET"]}}],"collection":[{"href":"https:\/\/informativoelvalledeaguascalientes.online\/index.php?rest_route=\/wp\/v2\/posts"}],"about":[{"href":"https:\/\/informativoelvalledeaguascalientes.online\/index.php?rest_route=\/wp\/v2\/types\/post"}],"author":[{"embeddable":true,"href":"https:\/\/informativoelvalledeaguascalientes.online\/index.php?rest_route=\/wp\/v2\/users\/1"}],"replies":[{"embeddable":true,"href":"https:\/\/informativoelvalledeaguascalientes.online\/index.php?rest_route=%2Fwp%2Fv2%2Fcomments&post=76614"}],"version-history":[{"count":1,"href":"https:\/\/informativoelvalledeaguascalientes.online\/index.php?rest_route=\/wp\/v2\/posts\/76614\/revisions"}],"predecessor-version":[{"id":76616,"href":"https:\/\/informativoelvalledeaguascalientes.online\/index.php?rest_route=\/wp\/v2\/posts\/76614\/revisions\/76616"}],"wp:featuredmedia":[{"embeddable":true,"href":"https:\/\/informativoelvalledeaguascalientes.online\/index.php?rest_route=\/wp\/v2\/media\/76615"}],"wp:attachment":[{"href":"https:\/\/informativoelvalledeaguascalientes.online\/index.php?rest_route=%2Fwp%2Fv2%2Fmedia&parent=76614"}],"wp:term":[{"taxonomy":"category","embeddable":true,"href":"https:\/\/informativoelvalledeaguascalientes.online\/index.php?rest_route=%2Fwp%2Fv2%2Fcategories&post=76614"},{"taxonomy":"post_tag","embeddable":true,"href":"https:\/\/informativoelvalledeaguascalientes.online\/index.php?rest_route=%2Fwp%2Fv2%2Ftags&post=76614"}],"curies":[{"name":"wp","href":"https:\/\/api.w.org\/{rel}","templated":true}]}}