{"id":76597,"date":"2025-09-21T22:09:23","date_gmt":"2025-09-22T04:09:23","guid":{"rendered":"https:\/\/informativoelvalledeaguascalientes.online\/?p=76597"},"modified":"2025-09-21T22:09:23","modified_gmt":"2025-09-22T04:09:23","slug":"accion-nacional-celebra-asambleas-municipales-en-aguascalientes-y-renueva-sus-comites-directivos-municipales","status":"publish","type":"post","link":"https:\/\/informativoelvalledeaguascalientes.online\/?p=76597","title":{"rendered":"ACCI\u00d3N NACIONAL CELEBRA ASAMBLEAS MUNICIPALES EN AGUASCALIENTES Y RENUEVA SUS COMIT\u00c9S DIRECTIVOS MUNICIPALES"},"content":{"rendered":"<p class=\"p1\">#informativoelvalledeaguascalientes<span class=\"Apple-converted-space\">\u00a0 <\/span>#novaradioaguascalientes #informativoelvalledeaguascalientesll #Aguascalientes<\/p>\n<p>&nbsp;<\/p>\n<p class=\"p1\">\n<p class=\"p2\">\n<ul class=\"ul1\">\n<li class=\"li3\"><b><i>La militancia particip\u00f3 de manera entusiasta y ordenada en el proceso interno del PAN.<\/i><\/b><\/li>\n<li class=\"li4\"><b><i>Se tom\u00f3 protesta a las planillas que encabezar\u00e1n los Comit\u00e9s Directivos Municipales y se presentaron las propuestas para los Consejos Estatal y Nacional.<\/i><\/b><\/li>\n<li class=\"li5\"><b><i>Cada municipio eligi\u00f3 tambi\u00e9n a sus Delegados Numerarios que participar\u00e1n en la pr\u00f3xima Asamblea Estatal.<\/i><\/b><\/li>\n<\/ul>\n<p>&nbsp;<\/p>\n<p class=\"p6\">\nEste domingo se llevaron a cabo con \u00e9xito las Asambleas del Partido Acci\u00f3n Nacional en los once municipios del estado de Aguascalientes, donde la militancia particip\u00f3 de manera entusiasta y ordenada en el proceso democr\u00e1tico para la elecci\u00f3n de las nuevas dirigencias locales.<\/p>\n<p class=\"p6\">Las y los panistas reafirmaron con su presencia la vocaci\u00f3n democr\u00e1tica del partido, dando muestra de unidad, transparencia y compromiso con la vida interna del PAN. Durante las asambleas se eligieron a las planillas que habr\u00e1n de encabezar los trabajos de fortalecimiento partidista en cada municipio.<\/p>\n<p class=\"p7\"><span class=\"Apple-converted-space\">\u00a0\u00a0 \u00a0 \u00a0 <\/span>Planillas electas:<\/p>\n<ul class=\"ul1\">\n<li class=\"li8\"><b>Aguascalientes<\/b>: Jos\u00e9 Roberto Dom\u00ednguez Lara, Presidente; Mar\u00eda Guadalupe Quintanilla Jaime, Secretaria General.<\/li>\n<li class=\"li9\"><b>Asientos<\/b>: Ma. Elena Zacar\u00edas Leos, Presidenta; Efr\u00e9n Alberto Ortega S\u00e1nchez, Secretario General.<\/li>\n<li class=\"li9\"><b>Calvillo<\/b>: Jes\u00fas D\u00edaz Rubio, Presidente; Silvina Vargas Montoya, Secretaria General.<\/li>\n<li class=\"li9\"><b>Cos\u00edo<\/b>: V\u00edctor Alfonso Estrada Castorena, Presidente; Blanca Estela L\u00f3pez Zavala, Secretaria General.<\/li>\n<li class=\"li9\"><b>El Llano<\/b>: Marcela Rodr\u00edguez Mac\u00edas, Presidenta; Mayela Marmolejo Becerra, Secretaria General.<\/li>\n<li class=\"li9\"><b>Jes\u00fas Mar\u00eda<\/b>: Jazm\u00edn Sara\u00ed Flores Rodr\u00edguez, Presidenta; Jos\u00e9 Antonio Ortega Esquivel, Secretario General.<\/li>\n<li class=\"li9\"><b>Pabell\u00f3n de Arteaga<\/b>: Nadia Janeth Carbajal Gonz\u00e1lez, Presidenta; Roy Aguilera Villalobos, Secretario General.<\/li>\n<li class=\"li9\"><b>Rinc\u00f3n de Romos<\/b>: Perla Guadalupe Velarde Salas, Presidenta; Lorena del Roc\u00edo Garc\u00eda Rodr\u00edguez, Secretaria General.<\/li>\n<li class=\"li9\"><b>San Francisco de los Romo<\/b>: X\u00f3chitl Mar\u00eda D\u00edaz Mart\u00ednez, Presidenta; Benjam\u00edn Zamora Acosta, Secretario General.<\/li>\n<li class=\"li9\"><b>San Jos\u00e9 de Gracia<\/b>: Laura \u00c1vila Alvarado, Presidenta; Alejandro Hern\u00e1ndez S\u00e1nchez, Secretario General.<\/li>\n<li class=\"li10\"><b>Tepezal\u00e1<\/b>: Jes\u00fas Manuel Lezama Marentes, Presidente; Maricela Mac\u00edas Gonz\u00e1lez, Secretaria General.<\/li>\n<\/ul>\n<p class=\"p6\">Adem\u00e1s de la elecci\u00f3n de los Comit\u00e9s Directivos Municipales, en cada asamblea se presentaron las propuestas para integrar el <b>Consejo Estatal<\/b> y el <b>Consejo Nacional<\/b> del Partido, as\u00ed como la designaci\u00f3n de las y los <b>Delegados Numerarios<\/b> que representar\u00e1n a cada municipio en la pr\u00f3xima Asamblea Estatal.<\/p>\n<p class=\"p6\">En cada sede, las y los delegados del Comit\u00e9 Directivo Estatal encabezaron la <b>toma de protesta<\/b> de las planillas electas, record\u00e1ndoles la responsabilidad de guardar y hacer guardar la Constituci\u00f3n, los Estatutos y Reglamentos de Acci\u00f3n Nacional, y de desempe\u00f1ar sus cargos con lealtad, patriotismo y visi\u00f3n de servicio hacia la militancia y la ciudadan\u00eda.<\/p>\n<p class=\"p6\">Durante los mensajes, se destac\u00f3 que estos procesos internos no son solo actos de renovaci\u00f3n, sino tambi\u00e9n un mensaje hacia la sociedad, que observa y reconoce en Acci\u00f3n Nacional un partido fuerte, unido y democr\u00e1tico. Asimismo, se resalt\u00f3 que este a\u00f1o el PAN celebra con orgullo <b>86 a\u00f1os de su fundaci\u00f3n a nivel nacional y 30 a\u00f1os de la transici\u00f3n democr\u00e1tica en Aguascalientes<\/b>, cuando se lograron los primeros triunfos que marcaron una nueva etapa de cercan\u00eda con la ciudadan\u00eda.<\/p>\n<p class=\"p6\">Con estas asambleas, Acci\u00f3n Nacional en Aguascalientes inicia una nueva etapa de organizaci\u00f3n rumbo a los retos electorales venideros, convencido de que la unidad, la transparencia y la participaci\u00f3n activa de la militancia son la mejor fortaleza para seguir sirviendo a M\u00e9xico y a Aguascalientes.<\/p>\n","protected":false},"excerpt":{"rendered":"<p>#informativoelvalledeaguascalientes\u00a0 #novaradioaguascalientes #informativoelvalledeaguascalientesll #Aguascalientes &nbsp; La militancia particip\u00f3 de manera entusiasta y ordenada en el proceso interno del PAN. Se tom\u00f3 protesta a las planillas que encabezar\u00e1n los Comit\u00e9s Directivos Municipales y se presentaron las propuestas para los Consejos Estatal y Nacional. Cada municipio eligi\u00f3 tambi\u00e9n a sus Delegados Numerarios que participar\u00e1n en la pr\u00f3xima [&hellip;]<\/p>\n","protected":false},"author":1,"featured_media":76598,"comment_status":"closed","ping_status":"open","sticky":false,"template":"","format":"standard","meta":{"advanced_seo_description":"","jetpack_seo_html_title":"","jetpack_seo_noindex":false,"_jetpack_memberships_contains_paid_content":false,"footnotes":"","jetpack_publicize_message":"","jetpack_publicize_feature_enabled":true,"jetpack_social_post_already_shared":true,"jetpack_social_options":{"image_generator_settings":{"template":"highway","default_image_id":0,"font":"","enabled":false},"version":2}},"categories":[21,7],"tags":[22,23,43],"class_list":["post-76597","post","type-post","status-publish","format-standard","has-post-thumbnail","hentry","category-aguascalientes","category-pan-aguascalientes","tag-aguascalientes","tag-pan-aguascalientes","tag-pan-aguascalientes-cde"],"jetpack_publicize_connections":[],"jetpack_featured_media_url":"https:\/\/i0.wp.com\/informativoelvalledeaguascalientes.online\/wp-content\/uploads\/2025\/09\/bc102935-3e28-4ef5-a583-6c067a52d37c.jpg?fit=1280%2C960&ssl=1","jetpack-related-posts":[],"jetpack_sharing_enabled":true,"jetpack_likes_enabled":true,"_links":{"self":[{"href":"https:\/\/informativoelvalledeaguascalientes.online\/index.php?rest_route=\/wp\/v2\/posts\/76597","targetHints":{"allow":["GET"]}}],"collection":[{"href":"https:\/\/informativoelvalledeaguascalientes.online\/index.php?rest_route=\/wp\/v2\/posts"}],"about":[{"href":"https:\/\/informativoelvalledeaguascalientes.online\/index.php?rest_route=\/wp\/v2\/types\/post"}],"author":[{"embeddable":true,"href":"https:\/\/informativoelvalledeaguascalientes.online\/index.php?rest_route=\/wp\/v2\/users\/1"}],"replies":[{"embeddable":true,"href":"https:\/\/informativoelvalledeaguascalientes.online\/index.php?rest_route=%2Fwp%2Fv2%2Fcomments&post=76597"}],"version-history":[{"count":1,"href":"https:\/\/informativoelvalledeaguascalientes.online\/index.php?rest_route=\/wp\/v2\/posts\/76597\/revisions"}],"predecessor-version":[{"id":76599,"href":"https:\/\/informativoelvalledeaguascalientes.online\/index.php?rest_route=\/wp\/v2\/posts\/76597\/revisions\/76599"}],"wp:featuredmedia":[{"embeddable":true,"href":"https:\/\/informativoelvalledeaguascalientes.online\/index.php?rest_route=\/wp\/v2\/media\/76598"}],"wp:attachment":[{"href":"https:\/\/informativoelvalledeaguascalientes.online\/index.php?rest_route=%2Fwp%2Fv2%2Fmedia&parent=76597"}],"wp:term":[{"taxonomy":"category","embeddable":true,"href":"https:\/\/informativoelvalledeaguascalientes.online\/index.php?rest_route=%2Fwp%2Fv2%2Fcategories&post=76597"},{"taxonomy":"post_tag","embeddable":true,"href":"https:\/\/informativoelvalledeaguascalientes.online\/index.php?rest_route=%2Fwp%2Fv2%2Ftags&post=76597"}],"curies":[{"name":"wp","href":"https:\/\/api.w.org\/{rel}","templated":true}]}}