{"id":76298,"date":"2025-09-12T20:06:27","date_gmt":"2025-09-13T02:06:27","guid":{"rendered":"https:\/\/informativoelvalledeaguascalientes.online\/?p=76298"},"modified":"2025-09-12T20:06:27","modified_gmt":"2025-09-13T02:06:27","slug":"continuan-los-festejos-del-6to-aniversario-de-munpuma-en-calvillo-aguascalientes","status":"publish","type":"post","link":"https:\/\/informativoelvalledeaguascalientes.online\/?p=76298","title":{"rendered":"Continuan los festejos del 6to. Aniversario de MUNPUMA en Calvillo Aguascalientes"},"content":{"rendered":"<p class=\"p1\">#informativoelvalledeaguascalientes<span class=\"Apple-converted-space\">\u00a0 <\/span>#novaradioaguascalientes #informativoelvalledeaguascalientesll #Aguascalientes<\/p>\n<p>&nbsp;<\/p>\n<p>En el marco del \ud835\udfd4\u00ba \ud835\udc00\ud835\udc27\ud835\udc22\ud835\udc2f\ud835\udc1e\ud835\udc2b\ud835\udc2c\ud835\udc1a\ud835\udc2b\ud835\udc22\ud835\udc28 \ud835\udc1d\ud835\udc1e\ud835\udc25 \ud835\udc0c\ud835\udc2e\ud835\udc2c\ud835\udc1e\ud835\udc28 \ud835\udc0d\ud835\udc1a\ud835\udc1c\ud835\udc22\ud835\udc28\ud835\udc27\ud835\udc1a\ud835\udc25 \ud835\udc1d\ud835\udc1e \ud835\udc0f\ud835\udc2e\ud835\udc1e\ud835\udc1b\ud835\udc25\ud835\udc28\ud835\udc2c \ud835\udc0c\u00e1\ud835\udc20\ud835\udc22\ud835\udc1c\ud835\udc28\ud835\udc2c, se llev\u00f3 a cabo la inauguraci\u00f3n de la exposici\u00f3n fotogr\u00e1fica &#8220;\ud835\udc6a\ud835\udc82\ud835\udc8e\ud835\udc8a\ud835\udc8f\ud835\udc90 \ud835\udc79\ud835\udc86\ud835\udc82\ud835\udc8d \ud835\udc85\ud835\udc86 \ud835\udc7b\ud835\udc8a\ud835\udc86\ud835\udc93\ud835\udc93\ud835\udc82 \ud835\udc68\ud835\udc85\ud835\udc86\ud835\udc8f\ud835\udc95\ud835\udc93\ud835\udc90: \ud835\udc6f\ud835\udc96\ud835\udc86\ud835\udc8d\ud835\udc8d\ud835\udc82\ud835\udc94 \ud835\udc85\ud835\udc86 \ud835\udc75\ud835\udc96\ud835\udc86\ud835\udc94\ud835\udc95\ud835\udc93\ud835\udc82 \ud835\udc6f\ud835\udc8a\ud835\udc94\ud835\udc95\ud835\udc90\ud835\udc93\ud835\udc8a\ud835\udc82&#8221; un recorrido en im\u00e1genes que nos transporta a trav\u00e9s de la memoria y el legado cultural de esta importante ruta hist\u00f3rica.<\/p>\n<p>Como parte de las actividades conmemorativas, se realiz\u00f3 la entrega de la Certificaci\u00f3n de Identidad Cultural Tur\u00edstica a empresarios y artesanos de Calvillo Pueblo M\u00e1gico, a quienes el presidente municipal Daniel Romo Urrutia, reconoci\u00f3 por su dedicaci\u00f3n, empe\u00f1o y compromiso en la preservaci\u00f3n de las tradiciones que dan identidad a nuestro municipio.<\/p>\n<p>Tambi\u00e9n se presentaron las conferencias \u201cEl Arte de Narrar un Pa\u00eds: Memorias Curatoriales del Museo Nacional de Pueblos M\u00e1gicos\u201d, impartida por \u00c1lvaro G\u00f3mez G\u00f3mez, y \u201cEl Camino Real de Tierra Adentro, La Ruta Itineraria del Septentri\u00f3n Novohispano\u201d, a cargo de Christian Medina L\u00f3pez Velarde, que enriquecieron la jornada con conocimiento y reflexi\u00f3n sobre nuestro patrimonio.<\/p>\n<p>La secretaria de Turismo de Calvillo, Ver\u00f3nica Ball\u00edn de Luna, agradeci\u00f3 a las y los asistentes por sumarse a estos festejos e invit\u00f3 a la ciudadan\u00eda a seguir presumiendo y disfrutando la grandeza del Museo Nacional de Pueblos M\u00e1gicos, que durante seis a\u00f1os ha sido custodio del tiempo, la historia y la cultura de los pueblos m\u00e1s representativos de M\u00e9xico.<\/p>\n<p>#LegadoParaMiGente<\/p>\n","protected":false},"excerpt":{"rendered":"<p>#informativoelvalledeaguascalientes\u00a0 #novaradioaguascalientes #informativoelvalledeaguascalientesll #Aguascalientes &nbsp; En el marco del \ud835\udfd4\u00ba \ud835\udc00\ud835\udc27\ud835\udc22\ud835\udc2f\ud835\udc1e\ud835\udc2b\ud835\udc2c\ud835\udc1a\ud835\udc2b\ud835\udc22\ud835\udc28 \ud835\udc1d\ud835\udc1e\ud835\udc25 \ud835\udc0c\ud835\udc2e\ud835\udc2c\ud835\udc1e\ud835\udc28 \ud835\udc0d\ud835\udc1a\ud835\udc1c\ud835\udc22\ud835\udc28\ud835\udc27\ud835\udc1a\ud835\udc25 \ud835\udc1d\ud835\udc1e \ud835\udc0f\ud835\udc2e\ud835\udc1e\ud835\udc1b\ud835\udc25\ud835\udc28\ud835\udc2c \ud835\udc0c\u00e1\ud835\udc20\ud835\udc22\ud835\udc1c\ud835\udc28\ud835\udc2c, se llev\u00f3 a cabo la inauguraci\u00f3n de la exposici\u00f3n fotogr\u00e1fica &#8220;\ud835\udc6a\ud835\udc82\ud835\udc8e\ud835\udc8a\ud835\udc8f\ud835\udc90 \ud835\udc79\ud835\udc86\ud835\udc82\ud835\udc8d \ud835\udc85\ud835\udc86 \ud835\udc7b\ud835\udc8a\ud835\udc86\ud835\udc93\ud835\udc93\ud835\udc82 \ud835\udc68\ud835\udc85\ud835\udc86\ud835\udc8f\ud835\udc95\ud835\udc93\ud835\udc90: \ud835\udc6f\ud835\udc96\ud835\udc86\ud835\udc8d\ud835\udc8d\ud835\udc82\ud835\udc94 \ud835\udc85\ud835\udc86 \ud835\udc75\ud835\udc96\ud835\udc86\ud835\udc94\ud835\udc95\ud835\udc93\ud835\udc82 \ud835\udc6f\ud835\udc8a\ud835\udc94\ud835\udc95\ud835\udc90\ud835\udc93\ud835\udc8a\ud835\udc82&#8221; un recorrido en im\u00e1genes que nos transporta a trav\u00e9s de la memoria y el legado cultural de esta importante [&hellip;]<\/p>\n","protected":false},"author":1,"featured_media":76299,"comment_status":"closed","ping_status":"open","sticky":false,"template":"","format":"standard","meta":{"advanced_seo_description":"","jetpack_seo_html_title":"","jetpack_seo_noindex":false,"_jetpack_memberships_contains_paid_content":false,"footnotes":"","jetpack_publicize_message":"","jetpack_publicize_feature_enabled":true,"jetpack_social_post_already_shared":true,"jetpack_social_options":{"image_generator_settings":{"template":"highway","default_image_id":0,"font":"","enabled":false},"version":2}},"categories":[21,13],"tags":[22,88,29],"class_list":["post-76298","post","type-post","status-publish","format-standard","has-post-thumbnail","hentry","category-aguascalientes","category-calvillo-aguascalientes","tag-aguascalientes","tag-calvillo","tag-calvillo-aguascalientes"],"jetpack_publicize_connections":[],"jetpack_featured_media_url":"https:\/\/i0.wp.com\/informativoelvalledeaguascalientes.online\/wp-content\/uploads\/2025\/09\/munpuma-libro.jpg?fit=1500%2C1001&ssl=1","jetpack-related-posts":[],"jetpack_sharing_enabled":true,"jetpack_likes_enabled":true,"_links":{"self":[{"href":"https:\/\/informativoelvalledeaguascalientes.online\/index.php?rest_route=\/wp\/v2\/posts\/76298","targetHints":{"allow":["GET"]}}],"collection":[{"href":"https:\/\/informativoelvalledeaguascalientes.online\/index.php?rest_route=\/wp\/v2\/posts"}],"about":[{"href":"https:\/\/informativoelvalledeaguascalientes.online\/index.php?rest_route=\/wp\/v2\/types\/post"}],"author":[{"embeddable":true,"href":"https:\/\/informativoelvalledeaguascalientes.online\/index.php?rest_route=\/wp\/v2\/users\/1"}],"replies":[{"embeddable":true,"href":"https:\/\/informativoelvalledeaguascalientes.online\/index.php?rest_route=%2Fwp%2Fv2%2Fcomments&post=76298"}],"version-history":[{"count":1,"href":"https:\/\/informativoelvalledeaguascalientes.online\/index.php?rest_route=\/wp\/v2\/posts\/76298\/revisions"}],"predecessor-version":[{"id":76300,"href":"https:\/\/informativoelvalledeaguascalientes.online\/index.php?rest_route=\/wp\/v2\/posts\/76298\/revisions\/76300"}],"wp:featuredmedia":[{"embeddable":true,"href":"https:\/\/informativoelvalledeaguascalientes.online\/index.php?rest_route=\/wp\/v2\/media\/76299"}],"wp:attachment":[{"href":"https:\/\/informativoelvalledeaguascalientes.online\/index.php?rest_route=%2Fwp%2Fv2%2Fmedia&parent=76298"}],"wp:term":[{"taxonomy":"category","embeddable":true,"href":"https:\/\/informativoelvalledeaguascalientes.online\/index.php?rest_route=%2Fwp%2Fv2%2Fcategories&post=76298"},{"taxonomy":"post_tag","embeddable":true,"href":"https:\/\/informativoelvalledeaguascalientes.online\/index.php?rest_route=%2Fwp%2Fv2%2Ftags&post=76298"}],"curies":[{"name":"wp","href":"https:\/\/api.w.org\/{rel}","templated":true}]}}