{"id":76287,"date":"2025-09-12T19:47:05","date_gmt":"2025-09-13T01:47:05","guid":{"rendered":"https:\/\/informativoelvalledeaguascalientes.online\/?p=76287"},"modified":"2025-09-12T19:47:05","modified_gmt":"2025-09-13T01:47:05","slug":"aguascalientes-sera-sede-de-la-1-a-liga-de-naciones-de-fronton-30-metros-mexico-participaran-21-paises","status":"publish","type":"post","link":"https:\/\/informativoelvalledeaguascalientes.online\/?p=76287","title":{"rendered":"AGUASCALIENTES SER\u00c1 SEDE DE LA 1.\u00aa LIGA DE NACIONES DE FRONT\u00d3N 30 METROS M\u00c9XICO; PARTICIPAR\u00c1N 21 PA\u00cdSES"},"content":{"rendered":"<p class=\"p1\">#informativoelvalledeaguascalientes<span class=\"Apple-converted-space\">\u00a0 <\/span>#novaradioaguascalientes #informativoelvalledeaguascalientesll #Aguascalientes<\/p>\n<p>&nbsp;<\/p>\n<p>&nbsp;<\/p>\n<p>Aguascalientes se consolida como un referente nacional e internacional en la organizaci\u00f3n de grandes eventos deportivos. Del 19 al 25 de octubre de 2025, la entidad ser\u00e1 sede de la 1.\u00aa Liga de Naciones Front\u00f3n 30 Metros M\u00e9xico, que se llevar\u00e1 a cabo en las instalaciones del Club Campestre Aguascalientes.<\/p>\n<p>Este evento reunir\u00e1 a participantes de 21 pa\u00edses: Espa\u00f1a, M\u00e9xico, Estados Unidos, Francia, Argentina, Chile, Cuba, Italia, Guatemala, Bolivia, Costa Rica, Uruguay, El Salvador, Venezuela, Brasil, Ecuador, Euskadi, Nicaragua, Panam\u00e1, Per\u00fa y Portugal, lo que permitir\u00e1 presenciar un gran nivel de competencia internacional.<\/p>\n<p>El acceso al p\u00fablico ya se encuentra disponible a trav\u00e9s de https:\/\/www.boletiland.com\/, con un costo de 900 pesos por toda la serie. Cabe destacar que, como parte del compromiso de acercar el deporte a todas y todos, el d\u00eda de la inauguraci\u00f3n la entrada ser\u00e1 gratuita.<\/p>\n<p>Con este tipo de eventos, Aguascalientes refuerza su posici\u00f3n como sede ideal para recibir competencias de talla mundial, gracias a su seguridad, hospitalidad e infraestructura deportiva de primer nivel.<\/p>\n<p>El Gobierno del Estado de Aguascalientes, a trav\u00e9s del Instituto del Deporte, invita a la poblaci\u00f3n a ser parte de esta experiencia deportiva \u00fanica.<\/p>\n","protected":false},"excerpt":{"rendered":"<p>#informativoelvalledeaguascalientes\u00a0 #novaradioaguascalientes #informativoelvalledeaguascalientesll #Aguascalientes &nbsp; &nbsp; Aguascalientes se consolida como un referente nacional e internacional en la organizaci\u00f3n de grandes eventos deportivos. Del 19 al 25 de octubre de 2025, la entidad ser\u00e1 sede de la 1.\u00aa Liga de Naciones Front\u00f3n 30 Metros M\u00e9xico, que se llevar\u00e1 a cabo en las instalaciones del Club Campestre [&hellip;]<\/p>\n","protected":false},"author":1,"featured_media":76288,"comment_status":"closed","ping_status":"open","sticky":false,"template":"","format":"standard","meta":{"advanced_seo_description":"","jetpack_seo_html_title":"","jetpack_seo_noindex":false,"_jetpack_memberships_contains_paid_content":false,"footnotes":"","jetpack_publicize_message":"","jetpack_publicize_feature_enabled":true,"jetpack_social_post_already_shared":true,"jetpack_social_options":{"image_generator_settings":{"template":"highway","default_image_id":0,"font":"","enabled":false},"version":2}},"categories":[21,4],"tags":[22,615,113],"class_list":["post-76287","post","type-post","status-publish","format-standard","has-post-thumbnail","hentry","category-aguascalientes","category-gobierno-del-estado-aguascalientes","tag-aguascalientes","tag-gobierno-del-estado-de-aguascalientes","tag-idea"],"jetpack_publicize_connections":[],"jetpack_featured_media_url":"https:\/\/i0.wp.com\/informativoelvalledeaguascalientes.online\/wp-content\/uploads\/2025\/09\/dc523bb2-21de-4daf-aafe-49012474210c.jpg?fit=1600%2C1066&ssl=1","jetpack-related-posts":[],"jetpack_sharing_enabled":true,"jetpack_likes_enabled":true,"_links":{"self":[{"href":"https:\/\/informativoelvalledeaguascalientes.online\/index.php?rest_route=\/wp\/v2\/posts\/76287","targetHints":{"allow":["GET"]}}],"collection":[{"href":"https:\/\/informativoelvalledeaguascalientes.online\/index.php?rest_route=\/wp\/v2\/posts"}],"about":[{"href":"https:\/\/informativoelvalledeaguascalientes.online\/index.php?rest_route=\/wp\/v2\/types\/post"}],"author":[{"embeddable":true,"href":"https:\/\/informativoelvalledeaguascalientes.online\/index.php?rest_route=\/wp\/v2\/users\/1"}],"replies":[{"embeddable":true,"href":"https:\/\/informativoelvalledeaguascalientes.online\/index.php?rest_route=%2Fwp%2Fv2%2Fcomments&post=76287"}],"version-history":[{"count":1,"href":"https:\/\/informativoelvalledeaguascalientes.online\/index.php?rest_route=\/wp\/v2\/posts\/76287\/revisions"}],"predecessor-version":[{"id":76289,"href":"https:\/\/informativoelvalledeaguascalientes.online\/index.php?rest_route=\/wp\/v2\/posts\/76287\/revisions\/76289"}],"wp:featuredmedia":[{"embeddable":true,"href":"https:\/\/informativoelvalledeaguascalientes.online\/index.php?rest_route=\/wp\/v2\/media\/76288"}],"wp:attachment":[{"href":"https:\/\/informativoelvalledeaguascalientes.online\/index.php?rest_route=%2Fwp%2Fv2%2Fmedia&parent=76287"}],"wp:term":[{"taxonomy":"category","embeddable":true,"href":"https:\/\/informativoelvalledeaguascalientes.online\/index.php?rest_route=%2Fwp%2Fv2%2Fcategories&post=76287"},{"taxonomy":"post_tag","embeddable":true,"href":"https:\/\/informativoelvalledeaguascalientes.online\/index.php?rest_route=%2Fwp%2Fv2%2Ftags&post=76287"}],"curies":[{"name":"wp","href":"https:\/\/api.w.org\/{rel}","templated":true}]}}