{"id":76284,"date":"2025-09-12T19:21:38","date_gmt":"2025-09-13T01:21:38","guid":{"rendered":"https:\/\/informativoelvalledeaguascalientes.online\/?p=76284"},"modified":"2025-09-12T19:21:38","modified_gmt":"2025-09-13T01:21:38","slug":"deseamos-mucha-suerte-a-los-atletas-de-aguascalientes-patricio-de-luna-y-carlos-monsivais","status":"publish","type":"post","link":"https:\/\/informativoelvalledeaguascalientes.online\/?p=76284","title":{"rendered":"Deseamos mucha suerte a los atletas de Aguascalientes Patricio de Luna y Carlos Monsiv\u00e1is"},"content":{"rendered":"<p class=\"p1\">#informativoelvalledeaguascalientes<span class=\"Apple-converted-space\">\u00a0 <\/span>#novaradioaguascalientes #informativoelvalledeaguascalientesll #Aguascalientes<\/p>\n<p>&nbsp;<\/p>\n<p>Deseamos mucha suerte a los atletas de Aguascalientes Patricio de Luna y Carlos Monsiv\u00e1is, quienes representar\u00e1n a M\u00e9xico en el Campeonato Mundial de Patinaje de Velocidad 2025, que se celebrar\u00e1 en Beijing, China, del 13 al 21 de septiembre. \ud83d\udefc\ud83e\udd29<\/p>\n<p>Su talento y entrega los llevan a competir con los mejores del mundo.<\/p>\n<p>\u00a1Mucho \u00e9xito, Patricio y Carlos! Aguascalientes est\u00e1 con ustedes. \ud83d\ude4c\u2728<\/p>\n<p>#GigantesDelDeporte<\/p>\n","protected":false},"excerpt":{"rendered":"<p>#informativoelvalledeaguascalientes\u00a0 #novaradioaguascalientes #informativoelvalledeaguascalientesll #Aguascalientes &nbsp; Deseamos mucha suerte a los atletas de Aguascalientes Patricio de Luna y Carlos Monsiv\u00e1is, quienes representar\u00e1n a M\u00e9xico en el Campeonato Mundial de Patinaje de Velocidad 2025, que se celebrar\u00e1 en Beijing, China, del 13 al 21 de septiembre. \ud83d\udefc\ud83e\udd29 Su talento y entrega los llevan a competir con los [&hellip;]<\/p>\n","protected":false},"author":1,"featured_media":76285,"comment_status":"closed","ping_status":"open","sticky":false,"template":"","format":"standard","meta":{"advanced_seo_description":"","jetpack_seo_html_title":"","jetpack_seo_noindex":false,"_jetpack_memberships_contains_paid_content":false,"footnotes":"","jetpack_publicize_message":"","jetpack_publicize_feature_enabled":true,"jetpack_social_post_already_shared":true,"jetpack_social_options":{"image_generator_settings":{"template":"highway","default_image_id":0,"font":"","enabled":false},"version":2}},"categories":[21,4],"tags":[22,615,113],"class_list":["post-76284","post","type-post","status-publish","format-standard","has-post-thumbnail","hentry","category-aguascalientes","category-gobierno-del-estado-aguascalientes","tag-aguascalientes","tag-gobierno-del-estado-de-aguascalientes","tag-idea"],"jetpack_publicize_connections":[],"jetpack_featured_media_url":"https:\/\/i0.wp.com\/informativoelvalledeaguascalientes.online\/wp-content\/uploads\/2025\/09\/f6c6bc26-5c91-4f60-90a4-23047502a682.jpg?fit=1600%2C1600&ssl=1","jetpack-related-posts":[],"jetpack_sharing_enabled":true,"jetpack_likes_enabled":true,"_links":{"self":[{"href":"https:\/\/informativoelvalledeaguascalientes.online\/index.php?rest_route=\/wp\/v2\/posts\/76284","targetHints":{"allow":["GET"]}}],"collection":[{"href":"https:\/\/informativoelvalledeaguascalientes.online\/index.php?rest_route=\/wp\/v2\/posts"}],"about":[{"href":"https:\/\/informativoelvalledeaguascalientes.online\/index.php?rest_route=\/wp\/v2\/types\/post"}],"author":[{"embeddable":true,"href":"https:\/\/informativoelvalledeaguascalientes.online\/index.php?rest_route=\/wp\/v2\/users\/1"}],"replies":[{"embeddable":true,"href":"https:\/\/informativoelvalledeaguascalientes.online\/index.php?rest_route=%2Fwp%2Fv2%2Fcomments&post=76284"}],"version-history":[{"count":1,"href":"https:\/\/informativoelvalledeaguascalientes.online\/index.php?rest_route=\/wp\/v2\/posts\/76284\/revisions"}],"predecessor-version":[{"id":76286,"href":"https:\/\/informativoelvalledeaguascalientes.online\/index.php?rest_route=\/wp\/v2\/posts\/76284\/revisions\/76286"}],"wp:featuredmedia":[{"embeddable":true,"href":"https:\/\/informativoelvalledeaguascalientes.online\/index.php?rest_route=\/wp\/v2\/media\/76285"}],"wp:attachment":[{"href":"https:\/\/informativoelvalledeaguascalientes.online\/index.php?rest_route=%2Fwp%2Fv2%2Fmedia&parent=76284"}],"wp:term":[{"taxonomy":"category","embeddable":true,"href":"https:\/\/informativoelvalledeaguascalientes.online\/index.php?rest_route=%2Fwp%2Fv2%2Fcategories&post=76284"},{"taxonomy":"post_tag","embeddable":true,"href":"https:\/\/informativoelvalledeaguascalientes.online\/index.php?rest_route=%2Fwp%2Fv2%2Ftags&post=76284"}],"curies":[{"name":"wp","href":"https:\/\/api.w.org\/{rel}","templated":true}]}}