{"id":76277,"date":"2025-09-12T18:44:24","date_gmt":"2025-09-13T00:44:24","guid":{"rendered":"https:\/\/informativoelvalledeaguascalientes.online\/?p=76277"},"modified":"2025-09-12T18:44:24","modified_gmt":"2025-09-13T00:44:24","slug":"en-municipio-aguascalientes-habra-cierres-viales-por-ceremonia-del-grito-de-independencia","status":"publish","type":"post","link":"https:\/\/informativoelvalledeaguascalientes.online\/?p=76277","title":{"rendered":"EN MUNICIPIO AGUASCALIENTES HABR\u00c1 CIERRES VIALES POR CEREMONIA DEL GRITO DE INDEPENDENCIA"},"content":{"rendered":"<p class=\"p1\">#informativoelvalledeaguascalientes<span class=\"Apple-converted-space\">\u00a0 <\/span>#novaradioaguascalientes #informativoelvalledeaguascalientesll #Aguascalientes<\/p>\n<p>&nbsp;<\/p>\n<ul>\n<li><strong><em>Desde el s\u00e1bado 13 de septiembre se implementar\u00e1 el cierre en calle Madero y Morelos hacia el poniente, para la instalaci\u00f3n de estructuras y puestos temporales<\/em><\/strong><\/li>\n<\/ul>\n<p>&nbsp;<\/p>\n<p>Por motivo de las fiestas patrias, la Secretar\u00eda de Seguridad P\u00fablica Municipal (SSPM) inform\u00f3 sobre los cierres viales y el operativo de seguridad para la Ceremonia del Grito de Independencia, que se llevar\u00e1 a cabo el lunes 15 de septiembre.<\/p>\n<p>El operativo de seguridad iniciar\u00e1 a las 13:00 horas y se estima concluya a las 24:00, as\u00ed lo anunci\u00f3 Jos\u00e9 Luis Rodr\u00edguez Montoya, director de Movilidad Municipal, al precisar las calles que permanecer\u00e1n cerradas con motivo de la ceremonia.<\/p>\n<p>&nbsp;<\/p>\n<p>Los accesos controlados hacia la explanada ser\u00e1n en las intersecciones de Francisco I. Madero, Jos\u00e9 Mar\u00eda Morelos y andador Benito Ju\u00e1rez; adem\u00e1s, el cruce de Moctezuma y Venustiano Carranza, calle Galeana y Jos\u00e9 Mar\u00eda Chaves esquina con calle Nieto.<\/p>\n<p>Los puntos de cierre principales establecidos son:<\/p>\n<ul>\n<li>Av. Francisco I. Madero y Morelos al poniente.<\/li>\n<li>Col\u00f3n y Av. Adolfo L\u00f3pez Mateos \u2013 Hornedo al norte.<\/li>\n<li>Antonio Acevedo y Dr. D\u00edaz de Le\u00f3n al poniente.<\/li>\n<li>Victoria y Rivero y Guti\u00e9rrez al sur.<\/li>\n<li>Victoria y Allende al sur.<\/li>\n<li>Pedro Parga y Morelos al sur.<\/li>\n<li>Guerrero y Nieto al oriente.<\/li>\n<\/ul>\n<p>Se han establecido rutas alternas para facilitar la circulaci\u00f3n al norte y sur:<\/p>\n<ul>\n<li>Calle Matamoros al sur.<\/li>\n<li>Calle E. J. Correa al sur.<\/li>\n<li>Calle Morelos al sur.<\/li>\n<li>Calle Zaragoza al norte.<\/li>\n<li>Calle 5 de Mayo al norte.<\/li>\n<li>Jos\u00e9 F. Elizondo en ambos sentidos.<\/li>\n<\/ul>\n<p>Rutas alternas oriente y poniente:<\/p>\n<ul>\n<li>Emiliano Zapata, Rivero y Guti\u00e9rrez \u2013 V\u00e1zquez del Mercado al oriente.<\/li>\n<li>\u00c1lvaro Obreg\u00f3n \u2013 Uni\u00f3n \u2013 A. Torres \u2013 Guadalupe al poniente.<\/li>\n<li>Av. Adolfo L\u00f3pez Mateos en ambos sentidos.<\/li>\n<li>Paseo de la Cruz en ambos sentidos.<\/li>\n<\/ul>\n<p>Se invita a la ciudadan\u00eda a salir con anticipaci\u00f3n y atender las instrucciones de los polic\u00edas viales, ya que desde el s\u00e1bado 13 de septiembre se implementar\u00e1 el cierre en calle Madero y Morelos hacia el poniente, para la instalaci\u00f3n de estructuras y puestos temporales, los cuales permanecer\u00e1n hasta la madrugada del d\u00eda 16.<\/p>\n<p>De igual manera, el 15 de septiembre se aplicar\u00e1n cierres en la calle Victoria, entre Rivero y Guti\u00e9rrez y Moctezuma, as\u00ed como en el tramo de Crist\u00f3bal Col\u00f3n y Francisco G. Hornedo, desde las 09:00 horas para evitar el acceso a dichos tramos.<\/p>\n","protected":false},"excerpt":{"rendered":"<p>#informativoelvalledeaguascalientes\u00a0 #novaradioaguascalientes #informativoelvalledeaguascalientesll #Aguascalientes &nbsp; Desde el s\u00e1bado 13 de septiembre se implementar\u00e1 el cierre en calle Madero y Morelos hacia el poniente, para la instalaci\u00f3n de estructuras y puestos temporales &nbsp; Por motivo de las fiestas patrias, la Secretar\u00eda de Seguridad P\u00fablica Municipal (SSPM) inform\u00f3 sobre los cierres viales y el operativo de seguridad [&hellip;]<\/p>\n","protected":false},"author":1,"featured_media":76278,"comment_status":"closed","ping_status":"open","sticky":false,"template":"","format":"standard","meta":{"advanced_seo_description":"","jetpack_seo_html_title":"","jetpack_seo_noindex":false,"_jetpack_memberships_contains_paid_content":false,"footnotes":"","jetpack_publicize_message":"","jetpack_publicize_feature_enabled":true,"jetpack_social_post_already_shared":true,"jetpack_social_options":{"image_generator_settings":{"template":"highway","default_image_id":0,"font":"","enabled":false},"version":2}},"categories":[21,3],"tags":[22,25],"class_list":["post-76277","post","type-post","status-publish","format-standard","has-post-thumbnail","hentry","category-aguascalientes","category-municipio-aguascalientes","tag-aguascalientes","tag-mpio-aguascalientes"],"jetpack_publicize_connections":[],"jetpack_featured_media_url":"https:\/\/i0.wp.com\/informativoelvalledeaguascalientes.online\/wp-content\/uploads\/2025\/09\/WhatsApp-Image-2025-09-12-at-10.09.30-AM.jpeg?fit=1600%2C1065&ssl=1","jetpack-related-posts":[],"jetpack_sharing_enabled":true,"jetpack_likes_enabled":true,"_links":{"self":[{"href":"https:\/\/informativoelvalledeaguascalientes.online\/index.php?rest_route=\/wp\/v2\/posts\/76277","targetHints":{"allow":["GET"]}}],"collection":[{"href":"https:\/\/informativoelvalledeaguascalientes.online\/index.php?rest_route=\/wp\/v2\/posts"}],"about":[{"href":"https:\/\/informativoelvalledeaguascalientes.online\/index.php?rest_route=\/wp\/v2\/types\/post"}],"author":[{"embeddable":true,"href":"https:\/\/informativoelvalledeaguascalientes.online\/index.php?rest_route=\/wp\/v2\/users\/1"}],"replies":[{"embeddable":true,"href":"https:\/\/informativoelvalledeaguascalientes.online\/index.php?rest_route=%2Fwp%2Fv2%2Fcomments&post=76277"}],"version-history":[{"count":1,"href":"https:\/\/informativoelvalledeaguascalientes.online\/index.php?rest_route=\/wp\/v2\/posts\/76277\/revisions"}],"predecessor-version":[{"id":76279,"href":"https:\/\/informativoelvalledeaguascalientes.online\/index.php?rest_route=\/wp\/v2\/posts\/76277\/revisions\/76279"}],"wp:featuredmedia":[{"embeddable":true,"href":"https:\/\/informativoelvalledeaguascalientes.online\/index.php?rest_route=\/wp\/v2\/media\/76278"}],"wp:attachment":[{"href":"https:\/\/informativoelvalledeaguascalientes.online\/index.php?rest_route=%2Fwp%2Fv2%2Fmedia&parent=76277"}],"wp:term":[{"taxonomy":"category","embeddable":true,"href":"https:\/\/informativoelvalledeaguascalientes.online\/index.php?rest_route=%2Fwp%2Fv2%2Fcategories&post=76277"},{"taxonomy":"post_tag","embeddable":true,"href":"https:\/\/informativoelvalledeaguascalientes.online\/index.php?rest_route=%2Fwp%2Fv2%2Ftags&post=76277"}],"curies":[{"name":"wp","href":"https:\/\/api.w.org\/{rel}","templated":true}]}}