{"id":76274,"date":"2025-09-12T16:54:38","date_gmt":"2025-09-12T22:54:38","guid":{"rendered":"https:\/\/informativoelvalledeaguascalientes.online\/?p=76274"},"modified":"2025-09-12T16:54:38","modified_gmt":"2025-09-12T22:54:38","slug":"se-invita-a-la-ciudadania-al-imjuva-fest-edicion-noche-mexicana","status":"publish","type":"post","link":"https:\/\/informativoelvalledeaguascalientes.online\/?p=76274","title":{"rendered":"SE INVITA A LA CIUDADAN\u00cdA AL IMJUVA FEST, EDICI\u00d3N NOCHE MEXICANA"},"content":{"rendered":"<p class=\"p1\">#informativoelvalledeaguascalientes<span class=\"Apple-converted-space\">\u00a0 <\/span>#novaradioaguascalientes #informativoelvalledeaguascalientesll #Aguascalientes<\/p>\n<p>&nbsp;<\/p>\n<ul>\n<li><strong>Se llevar\u00e1 a cabo el lunes 15 de septiembre, en la Megavelaria Insurgentes<\/strong><\/li>\n<\/ul>\n<p>&nbsp;<\/p>\n<p>El Municipio de Aguascalientes, a trav\u00e9s del Instituto Municipal de la Juventud, invita a la ciudadan\u00eda en general a participar en el gran IMJUVA FEST, edici\u00f3n Noche Mexicana, un evento que tiene como objetivo fortalecer la sana convivencia, promover el comercio local y conservar nuestras tradiciones mexicanas.<\/p>\n<p>En esta celebraci\u00f3n se contar\u00e1 con la participaci\u00f3n de grupos musicales en vivo, espect\u00e1culos familiares, as\u00ed como de una tradicional banda de guerra que dar\u00e1 realce a nuestras ra\u00edces patrias. Adem\u00e1s, los asistentes podr\u00e1n disfrutar de juegos mec\u00e1nicos gratuitos y participar en rifas. De igual forma, se llevar\u00e1 a cabo una pasarela de modelaje en la que intervendr\u00e1n j\u00f3venes dise\u00f1adores y modelos hidroc\u00e1lidos, mostrando talento, creatividad y compromiso con la moda local.<\/p>\n<p>El evento se realizar\u00e1 el lunes 15 de septiembre en un horario de 17:00 a 21:45 horas en la Megavelaria Insurgentes, ubicada en el Tianguis de Las Huertas.<\/p>\n<p>El Instituto Municipal de la Juventud refrenda su compromiso de seguir impulsando espacios que fortalezcan la integraci\u00f3n social, el desarrollo del talento juvenil y el orgullo por nuestras tradiciones. Se extiende una cordial invitaci\u00f3n a todas las familias para que asistan y disfruten de este magno evento que celebra con identidad y entusiasmo el orgullo de ser mexicanos.<\/p>\n","protected":false},"excerpt":{"rendered":"<p>#informativoelvalledeaguascalientes\u00a0 #novaradioaguascalientes #informativoelvalledeaguascalientesll #Aguascalientes &nbsp; Se llevar\u00e1 a cabo el lunes 15 de septiembre, en la Megavelaria Insurgentes &nbsp; El Municipio de Aguascalientes, a trav\u00e9s del Instituto Municipal de la Juventud, invita a la ciudadan\u00eda en general a participar en el gran IMJUVA FEST, edici\u00f3n Noche Mexicana, un evento que tiene como objetivo fortalecer la [&hellip;]<\/p>\n","protected":false},"author":1,"featured_media":76275,"comment_status":"closed","ping_status":"open","sticky":false,"template":"","format":"standard","meta":{"advanced_seo_description":"","jetpack_seo_html_title":"","jetpack_seo_noindex":false,"_jetpack_memberships_contains_paid_content":false,"footnotes":"","jetpack_publicize_message":"","jetpack_publicize_feature_enabled":true,"jetpack_social_post_already_shared":true,"jetpack_social_options":{"image_generator_settings":{"template":"highway","default_image_id":0,"font":"","enabled":false},"version":2}},"categories":[21,4],"tags":[22,615,122],"class_list":["post-76274","post","type-post","status-publish","format-standard","has-post-thumbnail","hentry","category-aguascalientes","category-gobierno-del-estado-aguascalientes","tag-aguascalientes","tag-gobierno-del-estado-de-aguascalientes","tag-sspe-aguascalientes"],"jetpack_publicize_connections":[],"jetpack_featured_media_url":"https:\/\/i0.wp.com\/informativoelvalledeaguascalientes.online\/wp-content\/uploads\/2025\/09\/Post-de-Instagram-de-Fiesta-Mexicana.zip-1.jpg?fit=1080%2C1350&ssl=1","jetpack-related-posts":[],"jetpack_sharing_enabled":true,"jetpack_likes_enabled":true,"_links":{"self":[{"href":"https:\/\/informativoelvalledeaguascalientes.online\/index.php?rest_route=\/wp\/v2\/posts\/76274","targetHints":{"allow":["GET"]}}],"collection":[{"href":"https:\/\/informativoelvalledeaguascalientes.online\/index.php?rest_route=\/wp\/v2\/posts"}],"about":[{"href":"https:\/\/informativoelvalledeaguascalientes.online\/index.php?rest_route=\/wp\/v2\/types\/post"}],"author":[{"embeddable":true,"href":"https:\/\/informativoelvalledeaguascalientes.online\/index.php?rest_route=\/wp\/v2\/users\/1"}],"replies":[{"embeddable":true,"href":"https:\/\/informativoelvalledeaguascalientes.online\/index.php?rest_route=%2Fwp%2Fv2%2Fcomments&post=76274"}],"version-history":[{"count":1,"href":"https:\/\/informativoelvalledeaguascalientes.online\/index.php?rest_route=\/wp\/v2\/posts\/76274\/revisions"}],"predecessor-version":[{"id":76276,"href":"https:\/\/informativoelvalledeaguascalientes.online\/index.php?rest_route=\/wp\/v2\/posts\/76274\/revisions\/76276"}],"wp:featuredmedia":[{"embeddable":true,"href":"https:\/\/informativoelvalledeaguascalientes.online\/index.php?rest_route=\/wp\/v2\/media\/76275"}],"wp:attachment":[{"href":"https:\/\/informativoelvalledeaguascalientes.online\/index.php?rest_route=%2Fwp%2Fv2%2Fmedia&parent=76274"}],"wp:term":[{"taxonomy":"category","embeddable":true,"href":"https:\/\/informativoelvalledeaguascalientes.online\/index.php?rest_route=%2Fwp%2Fv2%2Fcategories&post=76274"},{"taxonomy":"post_tag","embeddable":true,"href":"https:\/\/informativoelvalledeaguascalientes.online\/index.php?rest_route=%2Fwp%2Fv2%2Ftags&post=76274"}],"curies":[{"name":"wp","href":"https:\/\/api.w.org\/{rel}","templated":true}]}}