{"id":76202,"date":"2025-09-10T20:52:08","date_gmt":"2025-09-11T02:52:08","guid":{"rendered":"https:\/\/informativoelvalledeaguascalientes.online\/?p=76202"},"modified":"2025-09-10T20:52:08","modified_gmt":"2025-09-11T02:52:08","slug":"municipio-de-aguascalientes-firma-convenio-de-colaboracion-con-la-universidad-autonoma-de-aguascalientes","status":"publish","type":"post","link":"https:\/\/informativoelvalledeaguascalientes.online\/?p=76202","title":{"rendered":"MUNICIPIO DE AGUASCALIENTES FIRMA CONVENIO DE COLABORACI\u00d3N CON LA UNIVERSIDAD AUT\u00d3NOMA DE AGUASCALIENTES"},"content":{"rendered":"<p class=\"p1\">#informativoelvalledeaguascalientes<span class=\"Apple-converted-space\">\u00a0 <\/span>#novaradioaguascalientes #informativoelvalledeaguascalientesll #Aguascalientes<\/p>\n<p>&nbsp;<\/p>\n<ul>\n<li><em><strong>A trav\u00e9s de este acuerdo los estudiantes podr\u00e1n realizar su servicio social y pr\u00e1cticas profesionales en el ayuntamiento capital<\/strong><\/em><\/li>\n<\/ul>\n<p>&nbsp;<\/p>\n<p>Con el prop\u00f3sito de contribuir en la formaci\u00f3n de los j\u00f3venes, previo a incursionar en el mercado laboral, el Municipio de Aguascalientes firm\u00f3 un convenio de colaboraci\u00f3n con la Benem\u00e9rita Universidad Aut\u00f3noma de Aguascalientes (UAA) para que los alumnos de las 64 carreras de este centro educativo realicen su servicio social y pr\u00e1cticas profesionales en las diferentes dependencias de la administraci\u00f3n municipal, as\u00ed lo dio a conocer el presidente municipal,\u00a0<strong>Leo Monta\u00f1ez<\/strong>.<\/p>\n<p><strong>Sandra Yesenia Pinz\u00f3n Castro<\/strong>, rectora de la UAA estableci\u00f3 que este convenio es una gran oportunidad para los j\u00f3venes universitarios de enriquecer su formaci\u00f3n profesional, adem\u00e1s de retribuir a la sociedad a trav\u00e9s de su servicio social o pr\u00e1cticas profesionales. Adem\u00e1s destac\u00f3 que con el trabajo coordinado entre ambas instituciones p\u00fablicas para servir a la sociedad de Aguascalientes.<\/p>\n<p>En el evento estuvieron presentes los s\u00edndicos\u00a0<strong>Yadira Azucena Salas Aguilar<\/strong>\u00a0y\u00a0<strong>Octavio Alberto Ozuna<\/strong>, los regidores\u00a0<strong>Leslie Atilano Tapia<\/strong>,\u00a0<strong>Juan Manuel G\u00f3mez Morales\u00a0<\/strong>y\u00a0<strong>Karla Espinoza Esparza<\/strong>, as\u00ed como la titular de la Secretar\u00eda de Administraci\u00f3n,\u00a0<strong>Laura Jim\u00e9nez Castro<\/strong>.<\/p>\n<p>&nbsp;<\/p>\n<p>&nbsp;<\/p>\n","protected":false},"excerpt":{"rendered":"<p>#informativoelvalledeaguascalientes\u00a0 #novaradioaguascalientes #informativoelvalledeaguascalientesll #Aguascalientes &nbsp; A trav\u00e9s de este acuerdo los estudiantes podr\u00e1n realizar su servicio social y pr\u00e1cticas profesionales en el ayuntamiento capital &nbsp; Con el prop\u00f3sito de contribuir en la formaci\u00f3n de los j\u00f3venes, previo a incursionar en el mercado laboral, el Municipio de Aguascalientes firm\u00f3 un convenio de colaboraci\u00f3n con la Benem\u00e9rita [&hellip;]<\/p>\n","protected":false},"author":1,"featured_media":76203,"comment_status":"closed","ping_status":"open","sticky":false,"template":"","format":"standard","meta":{"advanced_seo_description":"","jetpack_seo_html_title":"","jetpack_seo_noindex":false,"_jetpack_memberships_contains_paid_content":false,"footnotes":"","jetpack_publicize_message":"","jetpack_publicize_feature_enabled":true,"jetpack_social_post_already_shared":true,"jetpack_social_options":{"image_generator_settings":{"template":"highway","default_image_id":0,"font":"","enabled":false},"version":2}},"categories":[21,4],"tags":[22,25],"class_list":["post-76202","post","type-post","status-publish","format-standard","has-post-thumbnail","hentry","category-aguascalientes","category-gobierno-del-estado-aguascalientes","tag-aguascalientes","tag-mpio-aguascalientes"],"jetpack_publicize_connections":[],"jetpack_featured_media_url":"https:\/\/i0.wp.com\/informativoelvalledeaguascalientes.online\/wp-content\/uploads\/2025\/09\/IMG_0202.jpg?fit=2048%2C1366&ssl=1","jetpack-related-posts":[],"jetpack_sharing_enabled":true,"jetpack_likes_enabled":true,"_links":{"self":[{"href":"https:\/\/informativoelvalledeaguascalientes.online\/index.php?rest_route=\/wp\/v2\/posts\/76202","targetHints":{"allow":["GET"]}}],"collection":[{"href":"https:\/\/informativoelvalledeaguascalientes.online\/index.php?rest_route=\/wp\/v2\/posts"}],"about":[{"href":"https:\/\/informativoelvalledeaguascalientes.online\/index.php?rest_route=\/wp\/v2\/types\/post"}],"author":[{"embeddable":true,"href":"https:\/\/informativoelvalledeaguascalientes.online\/index.php?rest_route=\/wp\/v2\/users\/1"}],"replies":[{"embeddable":true,"href":"https:\/\/informativoelvalledeaguascalientes.online\/index.php?rest_route=%2Fwp%2Fv2%2Fcomments&post=76202"}],"version-history":[{"count":1,"href":"https:\/\/informativoelvalledeaguascalientes.online\/index.php?rest_route=\/wp\/v2\/posts\/76202\/revisions"}],"predecessor-version":[{"id":76204,"href":"https:\/\/informativoelvalledeaguascalientes.online\/index.php?rest_route=\/wp\/v2\/posts\/76202\/revisions\/76204"}],"wp:featuredmedia":[{"embeddable":true,"href":"https:\/\/informativoelvalledeaguascalientes.online\/index.php?rest_route=\/wp\/v2\/media\/76203"}],"wp:attachment":[{"href":"https:\/\/informativoelvalledeaguascalientes.online\/index.php?rest_route=%2Fwp%2Fv2%2Fmedia&parent=76202"}],"wp:term":[{"taxonomy":"category","embeddable":true,"href":"https:\/\/informativoelvalledeaguascalientes.online\/index.php?rest_route=%2Fwp%2Fv2%2Fcategories&post=76202"},{"taxonomy":"post_tag","embeddable":true,"href":"https:\/\/informativoelvalledeaguascalientes.online\/index.php?rest_route=%2Fwp%2Fv2%2Ftags&post=76202"}],"curies":[{"name":"wp","href":"https:\/\/api.w.org\/{rel}","templated":true}]}}