{"id":76199,"date":"2025-09-10T20:42:37","date_gmt":"2025-09-11T02:42:37","guid":{"rendered":"https:\/\/informativoelvalledeaguascalientes.online\/?p=76199"},"modified":"2025-09-10T20:42:37","modified_gmt":"2025-09-11T02:42:37","slug":"invitan-a-vivir-diversion-cultura-y-creatividad-en-los-recorridos-infantiles-2025-en-panteones","status":"publish","type":"post","link":"https:\/\/informativoelvalledeaguascalientes.online\/?p=76199","title":{"rendered":"INVITAN A VIVIR DIVERSI\u00d3N, CULTURA Y CREATIVIDAD EN LOS RECORRIDOS INFANTILES 2025 EN PANTEONES"},"content":{"rendered":"<p class=\"p1\">#informativoelvalledeaguascalientes<span class=\"Apple-converted-space\">\u00a0 <\/span>#novaradioaguascalientes #informativoelvalledeaguascalientesll #Aguascalientes<\/p>\n<p>&nbsp;<\/p>\n<ul>\n<li><strong>Ni\u00f1os de preescolar y primaria podr\u00e1n disfrutar de funciones de t\u00edteres, recorridos hist\u00f3ricos, talleres creativos y visitas guiadas en los panteones De la Cruz y De los \u00c1ngeles<\/strong><\/li>\n<\/ul>\n<p>&nbsp;<\/p>\n<p>La Secretaria de Servicios P\u00fablicos a trav\u00e9s de la Direcci\u00f3n de Panteones Municipales invita a las escuelas con alumnos de preescolar, primero, segundo, tercero y cuarto de primaria a participar en los Recorridos Infantiles 2025, que se llevar\u00e1n a cabo en los panteones De la Cruz y De los \u00c1ngeles, del 22 de septiembre al 31 de octubre de 2025. Las actividades se realizar\u00e1n de lunes a viernes, con horarios disponibles a las 9:00 a.m., 10:00 a.m. y 11:00 a.m.<\/p>\n<p>Durante los recorridos, los ni\u00f1os disfrutar\u00e1n de diversas actividades l\u00fadicas y educativas, que incluyen funciones de t\u00edteres con mensaje cultural, recorridos hist\u00f3ricos y de leyendas para conocer nuestras tradiciones, visitas guiadas a altares con explicaci\u00f3n paso a paso de su armado, y un taller creativo donde decorar\u00e1n su propia calaverita de papel como recuerdo.<\/p>\n<p>Para participar, las escuelas y grupos interesados deber\u00e1n entregar un oficio de solicitud dirigido al Director de Panteones, C. V\u00edctor Manuel G\u00f3mez Dur\u00f3n, para poder asignar fecha y horario. Adem\u00e1s, se solicita que por cada ni\u00f1o participante se entregue el siguiente material: 2 hojas de m\u00e1quina blancas, 2 hojas de color, 2 foamys, 2 sobrecitos de diamantina y medio litro de Resistol l\u00edquido blanco por grupo.<\/p>\n<p>El objetivo de estas actividades es fomentar la creatividad y el respeto hacia nuestros panteones, present\u00e1ndolos como espacios de cultura, historia y tradici\u00f3n, y reforzando la importancia de nuestras ra\u00edces a trav\u00e9s de din\u00e1micas educativas y divertidas.<\/p>\n<p>Par mayores informes y reservaciones est\u00e1 disponible el n\u00famero telef\u00f3nico 449-9-15-30-96.<\/p>\n","protected":false},"excerpt":{"rendered":"<p>#informativoelvalledeaguascalientes\u00a0 #novaradioaguascalientes #informativoelvalledeaguascalientesll #Aguascalientes &nbsp; Ni\u00f1os de preescolar y primaria podr\u00e1n disfrutar de funciones de t\u00edteres, recorridos hist\u00f3ricos, talleres creativos y visitas guiadas en los panteones De la Cruz y De los \u00c1ngeles &nbsp; La Secretaria de Servicios P\u00fablicos a trav\u00e9s de la Direcci\u00f3n de Panteones Municipales invita a las escuelas con alumnos de preescolar, [&hellip;]<\/p>\n","protected":false},"author":1,"featured_media":76200,"comment_status":"closed","ping_status":"open","sticky":false,"template":"","format":"standard","meta":{"advanced_seo_description":"","jetpack_seo_html_title":"","jetpack_seo_noindex":false,"_jetpack_memberships_contains_paid_content":false,"footnotes":"","jetpack_publicize_message":"","jetpack_publicize_feature_enabled":true,"jetpack_social_post_already_shared":true,"jetpack_social_options":{"image_generator_settings":{"template":"highway","default_image_id":0,"font":"","enabled":false},"version":2}},"categories":[21,3],"tags":[22,25],"class_list":["post-76199","post","type-post","status-publish","format-standard","has-post-thumbnail","hentry","category-aguascalientes","category-municipio-aguascalientes","tag-aguascalientes","tag-mpio-aguascalientes"],"jetpack_publicize_connections":[],"jetpack_featured_media_url":"https:\/\/i0.wp.com\/informativoelvalledeaguascalientes.online\/wp-content\/uploads\/2025\/09\/PHOTO-2025-09-10-10-35-09.jpg?fit=1080%2C1080&ssl=1","jetpack-related-posts":[],"jetpack_sharing_enabled":true,"jetpack_likes_enabled":true,"_links":{"self":[{"href":"https:\/\/informativoelvalledeaguascalientes.online\/index.php?rest_route=\/wp\/v2\/posts\/76199","targetHints":{"allow":["GET"]}}],"collection":[{"href":"https:\/\/informativoelvalledeaguascalientes.online\/index.php?rest_route=\/wp\/v2\/posts"}],"about":[{"href":"https:\/\/informativoelvalledeaguascalientes.online\/index.php?rest_route=\/wp\/v2\/types\/post"}],"author":[{"embeddable":true,"href":"https:\/\/informativoelvalledeaguascalientes.online\/index.php?rest_route=\/wp\/v2\/users\/1"}],"replies":[{"embeddable":true,"href":"https:\/\/informativoelvalledeaguascalientes.online\/index.php?rest_route=%2Fwp%2Fv2%2Fcomments&post=76199"}],"version-history":[{"count":1,"href":"https:\/\/informativoelvalledeaguascalientes.online\/index.php?rest_route=\/wp\/v2\/posts\/76199\/revisions"}],"predecessor-version":[{"id":76201,"href":"https:\/\/informativoelvalledeaguascalientes.online\/index.php?rest_route=\/wp\/v2\/posts\/76199\/revisions\/76201"}],"wp:featuredmedia":[{"embeddable":true,"href":"https:\/\/informativoelvalledeaguascalientes.online\/index.php?rest_route=\/wp\/v2\/media\/76200"}],"wp:attachment":[{"href":"https:\/\/informativoelvalledeaguascalientes.online\/index.php?rest_route=%2Fwp%2Fv2%2Fmedia&parent=76199"}],"wp:term":[{"taxonomy":"category","embeddable":true,"href":"https:\/\/informativoelvalledeaguascalientes.online\/index.php?rest_route=%2Fwp%2Fv2%2Fcategories&post=76199"},{"taxonomy":"post_tag","embeddable":true,"href":"https:\/\/informativoelvalledeaguascalientes.online\/index.php?rest_route=%2Fwp%2Fv2%2Ftags&post=76199"}],"curies":[{"name":"wp","href":"https:\/\/api.w.org\/{rel}","templated":true}]}}