{"id":76190,"date":"2025-09-10T20:25:34","date_gmt":"2025-09-11T02:25:34","guid":{"rendered":"https:\/\/informativoelvalledeaguascalientes.online\/?p=76190"},"modified":"2025-09-10T20:25:34","modified_gmt":"2025-09-11T02:25:34","slug":"por-primera-vez-taxistas-y-sus-familias-tendran-atencion-medica-gratuita-con-el-seguro-popular-aguascalientes","status":"publish","type":"post","link":"https:\/\/informativoelvalledeaguascalientes.online\/?p=76190","title":{"rendered":"POR PRIMERA VEZ, \u200b\u200bTAXISTAS Y SUS FAMILIAS TENDR\u00c1N ATENCI\u00d3N M\u00c9DICA GRATUITA CON EL SEGURO POPULAR AGUASCALIENTES"},"content":{"rendered":"<p class=\"p1\">#informativoelvalledeaguascalientes<span class=\"Apple-converted-space\">\u00a0 <\/span>#novaradioaguascalientes #informativoelvalledeaguascalientesll #Aguascalientes<\/p>\n<p>&nbsp;<\/p>\n<p>&nbsp;<\/p>\n<p>\u2022\u2060 \u2060En una afiliaci\u00f3n hist\u00f3rica, podr\u00e1n recibir servicios m\u00e9dicos de calidad, medicamentos y apoyos<br \/>\n\u2022\u2060 \u2060La iniciativa incluye acceso a m\u00e1s de 300 unidades de salud en el estado, entre hospitales, cl\u00ednicas y Centros de Salud<br \/>\n\u2022\u2060 \u2060El gremio taxista agradece a la gobernadora su valioso apoyo en el tema de salud, al poner a nuestra disposici\u00f3n esto que hab\u00edamos buscado durante muchos a\u00f1os y nunca tuvimos respuesta: Enrique Mart\u00ednez<\/p>\n<p>&nbsp;<\/p>\n<p>En un hecho sin precedentes, la gobernadora Tere Jim\u00e9nez dispuso la afiliaci\u00f3n de m\u00e1s de 10 mil taxistas y sus familias al Seguro Popular Aguascalientes, con lo que alrededor de 30 mil personas que no cuentan con derechohabiencia, ahora podr\u00e1n tener acceso a servicios m\u00e9dicos de calidad sin costo alguno.<\/p>\n<p>Durante el evento, Tere Jim\u00e9nez reiter\u00f3 su compromiso con los trabajadores que no cuentan con seguridad social, al se\u00f1alar que la salud no debe ser un privilegio, sino un derecho al que todas y todos deben tener acceso.<\/p>\n<p>&#8220;Ustedes, los taxistas, son el motor que mueve nuestra ciudad todos los d\u00edas; por eso, hoy, les digo con el coraz\u00f3n: no est\u00e1n solos. Sus familias merecen salud, tranquilidad y un gobierno que los respalde. Esta afiliaci\u00f3n al Seguro Popular Aguascalientes es solo el comienzo; seguir\u00e9 trabajando sin descanso para que cada trabajador en Aguascalientes viva con dignidad&#8221;, les dijo la gobernadora.<\/p>\n<p>Rub\u00e9n Galaviz Trist\u00e1n, secretario de Salud del Estado, explic\u00f3 que una vez incorporados al Seguro Popular Aguascalientes, las y los taxistas, as\u00ed como sus respectivas familias, podr\u00e1n recibir atenci\u00f3n m\u00e9dica integral a trav\u00e9s del sistema estatal de salud que agrupa a m\u00e1s de 300 unidades m\u00e9dicas, como hospitales, centros y Casas de Salud, cl\u00ednicas, \u00e1reas especializadas, laboratorios, entre otras.<\/p>\n<p>De igual manera, a\u00f1adi\u00f3 que recibir\u00e1n medicamentos gratuitos, estudios de laboratorio, lentes, ultrasonidos, entre otros beneficios, y tendr\u00e1n acceso a los diferentes apoyos que otorga el Instituto de Beneficencia P\u00fablica del Estado, como sillas de ruedas, pr\u00f3tesis de rodilla, cadera y mama, aparatos auditivos, lentes intraoculares, bastones, andaderas, muletas, entre muchos otros.<\/p>\n<p>A nombre de las y los beneficiados, Enrique Mart\u00ednez Hermosillo, l\u00edder de taxistas, reconoci\u00f3 la sensibilidad de la gobernadora Tere Jim\u00e9nez para darles acceso a la salud, no solo a ellos, sino a sus familias.<\/p>\n<p>\u201cEl gremio taxista agradece a la gobernadora su valioso apoyo en el tema de salud, al poner a nuestra disposici\u00f3n esto que hab\u00edamos buscado durante muchos a\u00f1os y nunca obtuvimos respuesta; hist\u00f3ricamente, hemos padecido la falta de atenci\u00f3n m\u00e9dica; por eso, debemos de aprovechar la gran oportunidad que nuestra gobernadora Tere Jim\u00e9nez nos brinda, pues nuestras familias tendr\u00e1n la certeza de que si se presenta alguna emergencia, tendremos a d\u00f3nde dirigirnos\u201d, mencion\u00f3 el l\u00edder de taxistas.<\/p>\n<p>En el evento, tambi\u00e9n estuvieron presentes la diputada Alma Hilda Medina Mac\u00edas, presidenta de la Comisi\u00f3n de Salud P\u00fablica del H. Congreso del Estado; Francisco Javier Araiza M\u00e9ndez, secretario general de la Federaci\u00f3n de Sindicatos de Trabajadores del Estado de Aguascalientes (Fedesa); Yarel Alejandra Barba Ruiz Esparza, directora de Servicios de Salud del ISSEA; as\u00ed como los l\u00edderes de taxistas \u00d3scar Romo Delgado, Mario Ramos Esparza, Milton Carlos \u00c1lvarez Garc\u00eda, Juan Manuel Mart\u00ednez Hermosillo, Julio C\u00e9sar Casas P\u00e9rez, Ramiro Venegas Vel\u00e1zquez, Salvador Mart\u00ednez Pinedo y Francisco Javier Pacheco M\u00e9ndez.<\/p>\n","protected":false},"excerpt":{"rendered":"<p>#informativoelvalledeaguascalientes\u00a0 #novaradioaguascalientes #informativoelvalledeaguascalientesll #Aguascalientes &nbsp; &nbsp; \u2022\u2060 \u2060En una afiliaci\u00f3n hist\u00f3rica, podr\u00e1n recibir servicios m\u00e9dicos de calidad, medicamentos y apoyos \u2022\u2060 \u2060La iniciativa incluye acceso a m\u00e1s de 300 unidades de salud en el estado, entre hospitales, cl\u00ednicas y Centros de Salud \u2022\u2060 \u2060El gremio taxista agradece a la gobernadora su valioso apoyo en el [&hellip;]<\/p>\n","protected":false},"author":1,"featured_media":76191,"comment_status":"closed","ping_status":"open","sticky":false,"template":"","format":"standard","meta":{"advanced_seo_description":"","jetpack_seo_html_title":"","jetpack_seo_noindex":false,"_jetpack_memberships_contains_paid_content":false,"footnotes":"","jetpack_publicize_message":"","jetpack_publicize_feature_enabled":true,"jetpack_social_post_already_shared":true,"jetpack_social_options":{"image_generator_settings":{"template":"highway","default_image_id":0,"font":"","enabled":false},"version":2}},"categories":[21,4],"tags":[22,615,320],"class_list":["post-76190","post","type-post","status-publish","format-standard","has-post-thumbnail","hentry","category-aguascalientes","category-gobierno-del-estado-aguascalientes","tag-aguascalientes","tag-gobierno-del-estado-de-aguascalientes","tag-tere-jimenez"],"jetpack_publicize_connections":[],"jetpack_featured_media_url":"https:\/\/i0.wp.com\/informativoelvalledeaguascalientes.online\/wp-content\/uploads\/2025\/09\/WhatsApp-Image-2025-09-10-at-15.57.51.jpeg?fit=1461%2C974&ssl=1","jetpack-related-posts":[],"jetpack_sharing_enabled":true,"jetpack_likes_enabled":true,"_links":{"self":[{"href":"https:\/\/informativoelvalledeaguascalientes.online\/index.php?rest_route=\/wp\/v2\/posts\/76190","targetHints":{"allow":["GET"]}}],"collection":[{"href":"https:\/\/informativoelvalledeaguascalientes.online\/index.php?rest_route=\/wp\/v2\/posts"}],"about":[{"href":"https:\/\/informativoelvalledeaguascalientes.online\/index.php?rest_route=\/wp\/v2\/types\/post"}],"author":[{"embeddable":true,"href":"https:\/\/informativoelvalledeaguascalientes.online\/index.php?rest_route=\/wp\/v2\/users\/1"}],"replies":[{"embeddable":true,"href":"https:\/\/informativoelvalledeaguascalientes.online\/index.php?rest_route=%2Fwp%2Fv2%2Fcomments&post=76190"}],"version-history":[{"count":1,"href":"https:\/\/informativoelvalledeaguascalientes.online\/index.php?rest_route=\/wp\/v2\/posts\/76190\/revisions"}],"predecessor-version":[{"id":76192,"href":"https:\/\/informativoelvalledeaguascalientes.online\/index.php?rest_route=\/wp\/v2\/posts\/76190\/revisions\/76192"}],"wp:featuredmedia":[{"embeddable":true,"href":"https:\/\/informativoelvalledeaguascalientes.online\/index.php?rest_route=\/wp\/v2\/media\/76191"}],"wp:attachment":[{"href":"https:\/\/informativoelvalledeaguascalientes.online\/index.php?rest_route=%2Fwp%2Fv2%2Fmedia&parent=76190"}],"wp:term":[{"taxonomy":"category","embeddable":true,"href":"https:\/\/informativoelvalledeaguascalientes.online\/index.php?rest_route=%2Fwp%2Fv2%2Fcategories&post=76190"},{"taxonomy":"post_tag","embeddable":true,"href":"https:\/\/informativoelvalledeaguascalientes.online\/index.php?rest_route=%2Fwp%2Fv2%2Ftags&post=76190"}],"curies":[{"name":"wp","href":"https:\/\/api.w.org\/{rel}","templated":true}]}}