{"id":76168,"date":"2025-09-09T21:57:58","date_gmt":"2025-09-10T03:57:58","guid":{"rendered":"https:\/\/informativoelvalledeaguascalientes.online\/?p=76168"},"modified":"2025-09-09T21:57:58","modified_gmt":"2025-09-10T03:57:58","slug":"video-invitacion-%f0%9f%8e%89%f0%9f%87%b2%f0%9f%87%bd-jesus-maria-aguascalientes-se-viste-de-fiesta-%f0%9f%87%b2%f0%9f%87%bd%f0%9f%8e%89","status":"publish","type":"post","link":"https:\/\/informativoelvalledeaguascalientes.online\/?p=76168","title":{"rendered":"VIDEO INVITACION: \ud83c\udf89\ud83c\uddf2\ud83c\uddfd \u00a1Jes\u00fas Mar\u00eda Aguascalientes se viste de fiesta! \ud83c\uddf2\ud83c\uddfd\ud83c\udf89"},"content":{"rendered":"<p class=\"p1\">#informativoelvalledeaguascalientes<span class=\"Apple-converted-space\">\u00a0 <\/span>#novaradioaguascalientes #informativoelvalledeaguascalientesll #Aguascalientes<\/p>\n<div style=\"width: 640px;\" class=\"wp-video\"><video class=\"wp-video-shortcode\" id=\"video-76168-1\" width=\"640\" height=\"360\" preload=\"metadata\" controls=\"controls\"><source type=\"video\/mp4\" src=\"https:\/\/informativoelvalledeaguascalientes.online\/wp-content\/uploads\/2025\/09\/WhatsApp-Video-2025-09-09-at-3.21.51-PM.mp4?_=1\" \/><a href=\"https:\/\/informativoelvalledeaguascalientes.online\/wp-content\/uploads\/2025\/09\/WhatsApp-Video-2025-09-09-at-3.21.51-PM.mp4\">https:\/\/informativoelvalledeaguascalientes.online\/wp-content\/uploads\/2025\/09\/WhatsApp-Video-2025-09-09-at-3.21.51-PM.mp4<\/a><\/video><\/div>\n<p>&nbsp;<\/p>\n<p>Ven y vive la alegr\u00eda del Festival Patria Viva 2025, con actividades culturales, antojitos mexicanos, m\u00fasica y diversi\u00f3n para toda la familia.<\/p>\n<p>\ud83d\udccd En la cabecera municipal y en cada delegaci\u00f3n.<br \/>\n\u2728 Tradici\u00f3n, sabor y orgullo mexicano en un solo lugar.<\/p>\n<p>\ud83d\udc49 \u00a1No faltes, celebremos juntos nuestras Fiestas Patrias<\/p>\n","protected":false},"excerpt":{"rendered":"<p>#informativoelvalledeaguascalientes\u00a0 #novaradioaguascalientes #informativoelvalledeaguascalientesll #Aguascalientes &nbsp; Ven y vive la alegr\u00eda del Festival Patria Viva 2025, con actividades culturales, antojitos mexicanos, m\u00fasica y diversi\u00f3n para toda la familia. \ud83d\udccd En la cabecera municipal y en cada delegaci\u00f3n. \u2728 Tradici\u00f3n, sabor y orgullo mexicano en un solo lugar. \ud83d\udc49 \u00a1No faltes, celebremos juntos nuestras Fiestas Patrias<\/p>\n","protected":false},"author":1,"featured_media":76170,"comment_status":"closed","ping_status":"open","sticky":false,"template":"","format":"standard","meta":{"advanced_seo_description":"","jetpack_seo_html_title":"","jetpack_seo_noindex":false,"_jetpack_memberships_contains_paid_content":false,"footnotes":"","jetpack_publicize_message":"","jetpack_publicize_feature_enabled":true,"jetpack_social_post_already_shared":true,"jetpack_social_options":{"image_generator_settings":{"template":"highway","default_image_id":0,"font":"","enabled":false},"version":2}},"categories":[21,14],"tags":[22,45],"class_list":["post-76168","post","type-post","status-publish","format-standard","has-post-thumbnail","hentry","category-aguascalientes","category-jesus-maria-aguascalientes","tag-aguascalientes","tag-jesus-maria-aguascalientes"],"jetpack_publicize_connections":[],"jetpack_featured_media_url":"https:\/\/i0.wp.com\/informativoelvalledeaguascalientes.online\/wp-content\/uploads\/2025\/09\/Captura-de-pantalla-2025-09-09-a-las-9.56.28-p.m.png?fit=1013%2C565&ssl=1","jetpack-related-posts":[],"jetpack_sharing_enabled":true,"jetpack_likes_enabled":true,"_links":{"self":[{"href":"https:\/\/informativoelvalledeaguascalientes.online\/index.php?rest_route=\/wp\/v2\/posts\/76168","targetHints":{"allow":["GET"]}}],"collection":[{"href":"https:\/\/informativoelvalledeaguascalientes.online\/index.php?rest_route=\/wp\/v2\/posts"}],"about":[{"href":"https:\/\/informativoelvalledeaguascalientes.online\/index.php?rest_route=\/wp\/v2\/types\/post"}],"author":[{"embeddable":true,"href":"https:\/\/informativoelvalledeaguascalientes.online\/index.php?rest_route=\/wp\/v2\/users\/1"}],"replies":[{"embeddable":true,"href":"https:\/\/informativoelvalledeaguascalientes.online\/index.php?rest_route=%2Fwp%2Fv2%2Fcomments&post=76168"}],"version-history":[{"count":1,"href":"https:\/\/informativoelvalledeaguascalientes.online\/index.php?rest_route=\/wp\/v2\/posts\/76168\/revisions"}],"predecessor-version":[{"id":76171,"href":"https:\/\/informativoelvalledeaguascalientes.online\/index.php?rest_route=\/wp\/v2\/posts\/76168\/revisions\/76171"}],"wp:featuredmedia":[{"embeddable":true,"href":"https:\/\/informativoelvalledeaguascalientes.online\/index.php?rest_route=\/wp\/v2\/media\/76170"}],"wp:attachment":[{"href":"https:\/\/informativoelvalledeaguascalientes.online\/index.php?rest_route=%2Fwp%2Fv2%2Fmedia&parent=76168"}],"wp:term":[{"taxonomy":"category","embeddable":true,"href":"https:\/\/informativoelvalledeaguascalientes.online\/index.php?rest_route=%2Fwp%2Fv2%2Fcategories&post=76168"},{"taxonomy":"post_tag","embeddable":true,"href":"https:\/\/informativoelvalledeaguascalientes.online\/index.php?rest_route=%2Fwp%2Fv2%2Ftags&post=76168"}],"curies":[{"name":"wp","href":"https:\/\/api.w.org\/{rel}","templated":true}]}}