{"id":76165,"date":"2025-09-09T21:39:14","date_gmt":"2025-09-10T03:39:14","guid":{"rendered":"https:\/\/informativoelvalledeaguascalientes.online\/?p=76165"},"modified":"2025-09-09T21:39:14","modified_gmt":"2025-09-10T03:39:14","slug":"jesus-maria-ejemplo-nacional-de-buenas-practicas-en-justicia-civica","status":"publish","type":"post","link":"https:\/\/informativoelvalledeaguascalientes.online\/?p=76165","title":{"rendered":"JES\u00daS MAR\u00cdA, EJEMPLO NACIONAL DE BUENAS PR\u00c1CTICAS EN JUSTICIA C\u00cdVICA"},"content":{"rendered":"<p class=\"p1\">#informativoelvalledeaguascalientes<span class=\"Apple-converted-space\">\u00a0 <\/span>#novaradioaguascalientes #informativoelvalledeaguascalientesll #Aguascalientes<\/p>\n<p>&nbsp;<\/p>\n<p>El Municipio de Jes\u00fas Mar\u00eda, Aguascalientes, estuvo presente en el Foro Municipal de Justicia C\u00edvica, celebrado en el Auditorio del Centro de Innovaci\u00f3n y Tecnolog\u00eda Creativa BLOQUE en Quer\u00e9taro, consolidando su posici\u00f3n como referente nacional en innovaci\u00f3n, prevenci\u00f3n y cultura de la legalidad.<\/p>\n<p>En representaci\u00f3n del municipio, el Director de Justicia C\u00edvica, Jes\u00fas Antonio Mu\u00f1oz Solano, particip\u00f3 como panelista en el bloque \u201cMejores pr\u00e1cticas en la implementaci\u00f3n y operaci\u00f3n de la Justicia C\u00edvica\u201d. Durante su intervenci\u00f3n, present\u00f3 un video introductorio y comparti\u00f3 los programas implementados en Jes\u00fas Mar\u00eda, destacando el enfoque preventivo e innovador que caracteriza al modelo local.<\/p>\n<p>La exposici\u00f3n de Jes\u00fas Mar\u00eda gener\u00f3 un amplio inter\u00e9s entre los asistentes y panelistas. Jorge Gustavo Flores Chac\u00f3n, representante del Secretariado Ejecutivo del Sistema Nacional de Seguridad P\u00fablica, as\u00ed como el asesor en Pol\u00edticas P\u00fablicas en el Estado de Quer\u00e9taro, Juan Mart\u00edn Granados Torres, reconocieron p\u00fablicamente a Jes\u00fas Mar\u00eda como ejemplo de buenas pr\u00e1cticas replicables a nivel nacional.<\/p>\n<p>Cabe se\u00f1alar que este foro fue inaugurado por el presidente municipal de Quer\u00e9taro, Felipe Fernando Mac\u00edas Olvera, quien subray\u00f3 la relevancia de estos espacios de di\u00e1logo para fortalecer la convivencia ciudadana y mejorar la operaci\u00f3n de los juzgados c\u00edvicos en todo el pa\u00eds.<\/p>\n","protected":false},"excerpt":{"rendered":"<p>#informativoelvalledeaguascalientes\u00a0 #novaradioaguascalientes #informativoelvalledeaguascalientesll #Aguascalientes &nbsp; El Municipio de Jes\u00fas Mar\u00eda, Aguascalientes, estuvo presente en el Foro Municipal de Justicia C\u00edvica, celebrado en el Auditorio del Centro de Innovaci\u00f3n y Tecnolog\u00eda Creativa BLOQUE en Quer\u00e9taro, consolidando su posici\u00f3n como referente nacional en innovaci\u00f3n, prevenci\u00f3n y cultura de la legalidad. En representaci\u00f3n del municipio, el Director de [&hellip;]<\/p>\n","protected":false},"author":1,"featured_media":76166,"comment_status":"closed","ping_status":"open","sticky":false,"template":"","format":"standard","meta":{"advanced_seo_description":"","jetpack_seo_html_title":"","jetpack_seo_noindex":false,"_jetpack_memberships_contains_paid_content":false,"footnotes":"","jetpack_publicize_message":"","jetpack_publicize_feature_enabled":true,"jetpack_social_post_already_shared":true,"jetpack_social_options":{"image_generator_settings":{"template":"highway","default_image_id":0,"font":"","enabled":false},"version":2}},"categories":[21,14],"tags":[22,45],"class_list":["post-76165","post","type-post","status-publish","format-standard","has-post-thumbnail","hentry","category-aguascalientes","category-jesus-maria-aguascalientes","tag-aguascalientes","tag-jesus-maria-aguascalientes"],"jetpack_publicize_connections":[],"jetpack_featured_media_url":"https:\/\/i0.wp.com\/informativoelvalledeaguascalientes.online\/wp-content\/uploads\/2025\/09\/f29c0fc0-de2b-4c04-bbb9-35d7c675cb30.jpg?fit=1280%2C960&ssl=1","jetpack-related-posts":[],"jetpack_sharing_enabled":true,"jetpack_likes_enabled":true,"_links":{"self":[{"href":"https:\/\/informativoelvalledeaguascalientes.online\/index.php?rest_route=\/wp\/v2\/posts\/76165","targetHints":{"allow":["GET"]}}],"collection":[{"href":"https:\/\/informativoelvalledeaguascalientes.online\/index.php?rest_route=\/wp\/v2\/posts"}],"about":[{"href":"https:\/\/informativoelvalledeaguascalientes.online\/index.php?rest_route=\/wp\/v2\/types\/post"}],"author":[{"embeddable":true,"href":"https:\/\/informativoelvalledeaguascalientes.online\/index.php?rest_route=\/wp\/v2\/users\/1"}],"replies":[{"embeddable":true,"href":"https:\/\/informativoelvalledeaguascalientes.online\/index.php?rest_route=%2Fwp%2Fv2%2Fcomments&post=76165"}],"version-history":[{"count":1,"href":"https:\/\/informativoelvalledeaguascalientes.online\/index.php?rest_route=\/wp\/v2\/posts\/76165\/revisions"}],"predecessor-version":[{"id":76167,"href":"https:\/\/informativoelvalledeaguascalientes.online\/index.php?rest_route=\/wp\/v2\/posts\/76165\/revisions\/76167"}],"wp:featuredmedia":[{"embeddable":true,"href":"https:\/\/informativoelvalledeaguascalientes.online\/index.php?rest_route=\/wp\/v2\/media\/76166"}],"wp:attachment":[{"href":"https:\/\/informativoelvalledeaguascalientes.online\/index.php?rest_route=%2Fwp%2Fv2%2Fmedia&parent=76165"}],"wp:term":[{"taxonomy":"category","embeddable":true,"href":"https:\/\/informativoelvalledeaguascalientes.online\/index.php?rest_route=%2Fwp%2Fv2%2Fcategories&post=76165"},{"taxonomy":"post_tag","embeddable":true,"href":"https:\/\/informativoelvalledeaguascalientes.online\/index.php?rest_route=%2Fwp%2Fv2%2Ftags&post=76165"}],"curies":[{"name":"wp","href":"https:\/\/api.w.org\/{rel}","templated":true}]}}