{"id":76162,"date":"2025-09-09T21:33:43","date_gmt":"2025-09-10T03:33:43","guid":{"rendered":"https:\/\/informativoelvalledeaguascalientes.online\/?p=76162"},"modified":"2025-09-09T21:33:43","modified_gmt":"2025-09-10T03:33:43","slug":"estudiantes-motor-de-libertad-y-conocimiento-rectora-de-la-uaa-en-la-toma-de-protesta-de-la-feuaa","status":"publish","type":"post","link":"https:\/\/informativoelvalledeaguascalientes.online\/?p=76162","title":{"rendered":"Estudiantes, motor de libertad y conocimiento: rectora de la UAA en la toma de protesta de la FEUAA"},"content":{"rendered":"<p class=\"p1\">#informativoelvalledeaguascalientes<span class=\"Apple-converted-space\">\u00a0 <\/span>#novaradioaguascalientes #informativoelvalledeaguascalientesll #Aguascalientes<\/p>\n<p>&nbsp;<\/p>\n<p>&nbsp;<\/p>\n<p>\u25cf La rectora de la UAA tom\u00f3 protesta al nuevo comit\u00e9 de la FEUAA, presidido por la alumna de Contador P\u00fablico, Mariana Torres.<br \/>\n\u25cf El acto simboliza el inicio de una nueva etapa en la federaci\u00f3n, donde se reafirm\u00f3 el compromiso con la comunidad, la representaci\u00f3n estudiantil y el beneficio social.<\/p>\n<p>&nbsp;<\/p>\n<p>Como parte del estatuto interno de la Federaci\u00f3n de Estudiantes de la Universidad Aut\u00f3noma de Aguascalientes (FEUAA), la Dra. Sandra Yesenia Pinz\u00f3n Castro llev\u00f3 a cabo la toma de protesta a los integrantes del nuevo comit\u00e9 para el periodo 2025-2027, encabezado por la alumna de Contador P\u00fablico, Mariana Torres Antuna.<\/p>\n<p>Durante la ceremonia, la rectora subray\u00f3 que el protagonismo estudiantil es fundamental para que las universidades sigan siendo espacios de pensamiento libre y cr\u00edtico, pluralidad, humanismo, y generaci\u00f3n de conocimiento. Destac\u00f3 que la federaci\u00f3n representa un cap\u00edtulo esencial en la vida institucional, al ser la voz que defiende la libertad, impulsa el conocimiento y abre camino a las transformaciones sociales.<\/p>\n<p>Asimismo, la rectora exhort\u00f3 a los nuevos integrantes a ser dignos representantes de la comunidad estudiantil y a mantener vivos los valores que han dado origen a esta casa de estudios como instituci\u00f3n p\u00fablica y aut\u00f3noma, proyect\u00e1ndose siempre en beneficio de la sociedad.<\/p>\n<p>Por su parte, Mariana Torres, presidenta entrante de la FEUAA, asumi\u00f3 el compromiso de trabajar a favor del estudiantado, fortaleciendo la vida acad\u00e9mica y promoviendo programas que enriquezcan su formaci\u00f3n; adem\u00e1s, reiter\u00f3 que la gesti\u00f3n buscar\u00e1 garantizar una representaci\u00f3n activa, as\u00ed como un respaldo constante para asegurar una educaci\u00f3n de calidad y con sentido de autonom\u00eda.<\/p>\n<p>Finalmente, el presidente saliente, Jos\u00e9 Antonio Carmona de Anda, rindi\u00f3 su \u00faltimo informe de actividades y agradeci\u00f3 la oportunidad de haber representado a los estudiantes y se\u00f1al\u00f3 que su experiencia frente a la federaci\u00f3n le permiti\u00f3 comprender que la juventud es una oportunidad para transformar el entorno, y una etapa donde se puede trabajar para el desarrollo de la sociedad.<\/p>\n","protected":false},"excerpt":{"rendered":"<p>#informativoelvalledeaguascalientes\u00a0 #novaradioaguascalientes #informativoelvalledeaguascalientesll #Aguascalientes &nbsp; &nbsp; \u25cf La rectora de la UAA tom\u00f3 protesta al nuevo comit\u00e9 de la FEUAA, presidido por la alumna de Contador P\u00fablico, Mariana Torres. \u25cf El acto simboliza el inicio de una nueva etapa en la federaci\u00f3n, donde se reafirm\u00f3 el compromiso con la comunidad, la representaci\u00f3n estudiantil y el [&hellip;]<\/p>\n","protected":false},"author":1,"featured_media":76163,"comment_status":"closed","ping_status":"open","sticky":false,"template":"","format":"standard","meta":{"advanced_seo_description":"","jetpack_seo_html_title":"","jetpack_seo_noindex":false,"_jetpack_memberships_contains_paid_content":false,"footnotes":"","jetpack_publicize_message":"","jetpack_publicize_feature_enabled":true,"jetpack_social_post_already_shared":true,"jetpack_social_options":{"image_generator_settings":{"template":"highway","default_image_id":0,"font":"","enabled":false},"version":2}},"categories":[21,629],"tags":[22,142],"class_list":["post-76162","post","type-post","status-publish","format-standard","has-post-thumbnail","hentry","category-aguascalientes","category-universidad-autonoma-de-aguascalientes","tag-aguascalientes","tag-uaa"],"jetpack_publicize_connections":[],"jetpack_featured_media_url":"https:\/\/i0.wp.com\/informativoelvalledeaguascalientes.online\/wp-content\/uploads\/2025\/09\/c45ee41f-b7ef-434e-9fca-fdd218951001.jpg?fit=1600%2C1066&ssl=1","jetpack-related-posts":[],"jetpack_sharing_enabled":true,"jetpack_likes_enabled":true,"_links":{"self":[{"href":"https:\/\/informativoelvalledeaguascalientes.online\/index.php?rest_route=\/wp\/v2\/posts\/76162","targetHints":{"allow":["GET"]}}],"collection":[{"href":"https:\/\/informativoelvalledeaguascalientes.online\/index.php?rest_route=\/wp\/v2\/posts"}],"about":[{"href":"https:\/\/informativoelvalledeaguascalientes.online\/index.php?rest_route=\/wp\/v2\/types\/post"}],"author":[{"embeddable":true,"href":"https:\/\/informativoelvalledeaguascalientes.online\/index.php?rest_route=\/wp\/v2\/users\/1"}],"replies":[{"embeddable":true,"href":"https:\/\/informativoelvalledeaguascalientes.online\/index.php?rest_route=%2Fwp%2Fv2%2Fcomments&post=76162"}],"version-history":[{"count":1,"href":"https:\/\/informativoelvalledeaguascalientes.online\/index.php?rest_route=\/wp\/v2\/posts\/76162\/revisions"}],"predecessor-version":[{"id":76164,"href":"https:\/\/informativoelvalledeaguascalientes.online\/index.php?rest_route=\/wp\/v2\/posts\/76162\/revisions\/76164"}],"wp:featuredmedia":[{"embeddable":true,"href":"https:\/\/informativoelvalledeaguascalientes.online\/index.php?rest_route=\/wp\/v2\/media\/76163"}],"wp:attachment":[{"href":"https:\/\/informativoelvalledeaguascalientes.online\/index.php?rest_route=%2Fwp%2Fv2%2Fmedia&parent=76162"}],"wp:term":[{"taxonomy":"category","embeddable":true,"href":"https:\/\/informativoelvalledeaguascalientes.online\/index.php?rest_route=%2Fwp%2Fv2%2Fcategories&post=76162"},{"taxonomy":"post_tag","embeddable":true,"href":"https:\/\/informativoelvalledeaguascalientes.online\/index.php?rest_route=%2Fwp%2Fv2%2Ftags&post=76162"}],"curies":[{"name":"wp","href":"https:\/\/api.w.org\/{rel}","templated":true}]}}