{"id":75658,"date":"2025-08-29T23:07:47","date_gmt":"2025-08-30T05:07:47","guid":{"rendered":"https:\/\/informativoelvalledeaguascalientes.online\/?p=75658"},"modified":"2025-08-29T23:08:24","modified_gmt":"2025-08-30T05:08:24","slug":"75658","status":"publish","type":"post","link":"https:\/\/informativoelvalledeaguascalientes.online\/?p=75658","title":{"rendered":"HIST\u00d3RICA TOMA DE PROTESTA DE NUEVOS INTEGRANTES DEL PODER JUDICIAL EN AGUASCALIENTES"},"content":{"rendered":"<p>#informativoelvalledeaguascalientes #novaradioaguascalientes #informativoelvalledeaguascalientesll #Aguascalientes<\/p>\n<p>&nbsp;<\/p>\n<p>&nbsp;<\/p>\n<p class=\"tm13\"><span class=\"tm14\">En un hecho hist\u00f3rico para Aguascalientes, se celebr\u00f3 la<\/span>\u00a0Sesi\u00f3n Solemne de Toma de Protesta<strong><span class=\"tm15\">\u00a0<\/span><\/strong><span class=\"tm14\">de 65 personas que ocupar\u00e1n los cargos de magistrados y jueces en el Poder Judicial del Estado. Por primera vez, estos puestos fueron definidos a trav\u00e9s de un<\/span>\u00a0proceso de elecci\u00f3n ciudadana<span class=\"tm14\">, lo que representa un paso sin precedentes hacia una justicia m\u00e1s cercana a la sociedad, con mayor legitimidad y confianza en quienes la impartir\u00e1n.<\/span><\/p>\n<p class=\"tm13\"><span class=\"tm14\">La ceremonia, realizada en la sala de conciertos<\/span>\u00a0FICOTRECE<span class=\"tm14\">, cont\u00f3 con la presencia de las y los 27 legisladores de la LXVI Legislatura y de la<\/span>\u00a0Gobernadora Constitucional, Dra. Mar\u00eda Teresa Jim\u00e9nez Esquivel<span class=\"tm14\">. Este encuentro reflej\u00f3 la armon\u00eda y coordinaci\u00f3n entre los tres Poderes del Estado, consolidando a Aguascalientes como un territorio estable, pr\u00f3spero y con visi\u00f3n de futuro.<\/span><\/p>\n<p class=\"tm13\"><span class=\"tm14\"><a id=\"aGoBack\"><\/a>La diputada presidenta de la LXVI Legislatura del Congreso de Aguascalientes,<\/span>\u00a0Arlette Mu\u00f1oz<span class=\"tm14\">, en conjunto con los integrantes de la Mesa Directiva el vicepresidente<\/span>\u00a0Maximiliano Ram\u00edrez<span class=\"tm14\">, el primer secretario<\/span>\u00a0Rodrigo Mireles<span class=\"tm14\">, el segundo secretario<\/span>\u00a0Rodrigo Cervantes<span class=\"apple_converted_space\">\u00a0<\/span><span class=\"tm14\">y el prosecretario<\/span>\u00a0Heriberto Gallegos<span class=\"tm14\">, destacaron que este mecanismo fortalece la transparencia y la participaci\u00f3n social, colocando a la ciudadan\u00eda en el centro de las decisiones que dar\u00e1n rumbo al sistema judicial de la entidad.<\/span><\/p>\n<p class=\"tm13\"><span class=\"tm14\">El acto reuni\u00f3 tambi\u00e9n a legisladores federales, presidentes municipales, autoridades de los tres \u00f3rdenes de gobierno y representantes de diversos sectores sociales, quienes atestiguaron la relevancia de este momento que marcar\u00e1 la vida jur\u00eddica y democr\u00e1tica de la entidad.<\/span><\/p>\n<p class=\"tm13\"><span class=\"tm14\">Cada jueza y juez electo atraves\u00f3 un<\/span>\u00a0proceso de evaluaci\u00f3n riguroso<span class=\"tm14\">, que incluy\u00f3 entrevistas y revisi\u00f3n de su trayectoria profesional, lo que garantiza que quienes hoy asumen funciones cuentan con la experiencia, preparaci\u00f3n y vocaci\u00f3n necesarias para impartir justicia con responsabilidad y sensibilidad social.<\/span><\/p>\n<p class=\"tm13\"><span class=\"tm14\">Las 11 magistraturas del<\/span>\u00a0Supremo Tribunal de Justicia del Estado<span class=\"apple_converted_space\">\u00a0<\/span><span class=\"tm14\">representan un gran avance en la consolidaci\u00f3n del Poder Judicial, pues su conocimiento, trayectoria y respaldo ciudadano permitir\u00e1n atender de manera m\u00e1s \u00e1gil y eficaz los asuntos de su competencia, brindando certeza jur\u00eddica y confianza a la sociedad.<\/span><\/p>\n<p class=\"tm13\"><span class=\"tm14\">Asimismo, el fortalecimiento del<\/span>\u00a0Tribunal de Disciplina Judicial<span class=\"tm14\">, con cinco magistraturas reci\u00e9n electas, refuerza la vigilancia y la rendici\u00f3n de cuentas, consolidando un Poder Judicial m\u00e1s transparente, \u00e9tico y profesional.<\/span><\/p>\n<p class=\"tm13\"><span class=\"tm14\">La designaci\u00f3n de jueces especializados en materias penal, civil, mercantil, laboral, familiar y mixta asegura un sistema de justicia moderno, eficiente y sensible a las necesidades de la poblaci\u00f3n. Con ello, Aguascalientes reafirma su compromiso de consolidar un<\/span>\u00a0Poder Judicial cercano, imparcial y confiable<span class=\"tm14\">, en beneficio de las familias, los trabajadores, las empresas y la sociedad en general.<\/span><\/p>\n<p class=\"tm13\"><span class=\"tm14\">Este proceso democr\u00e1tico, in\u00e9dito a nivel nacional, posiciona a Aguascalientes como un estado de<\/span>\u00a0vanguardia pol\u00edtica, social y jur\u00eddica<span class=\"tm14\">, reafirmando la confianza ciudadana en la legalidad, las instituciones y el equilibrio de poderes.<\/span><\/p>\n<h3 class=\"tm16\"><strong><span class=\"Texto_en_negrita\">LISTADO DE PERSONAS JUZGADORAS ELECTAS<\/span><\/strong><\/h3>\n<h4><strong><span class=\"tm17\">Supremo Tribunal de Justicia (11)<\/span><\/strong><\/h4>\n<p class=\"Normal_Web_\"><span class=\"tm14\">Mtra. Mariana de F\u00e1tima de Le\u00f3n Barba<br \/>\nLic. Felipe \u00c1vila Orozco<br \/>\nLic. Cynthia Guadalupe Trujillo Lara<br \/>\nLic. Jos\u00e9 Franco Mu\u00f1oz<br \/>\nDra. Mar\u00eda Jos\u00e9 Ocampo V\u00e1zquez<br \/>\nMtro. Mauro Ren\u00e9 Mart\u00ednez De Luna<br \/>\nLic. Xochiltzin Ilancueitl Ram\u00edrez Rodr\u00edguez<br \/>\nLic. V\u00edctor Manuel Mart\u00ednez Castillo<br \/>\nLic. Mar\u00eda Guadalupe Garc\u00eda Dur\u00e1n<br \/>\nMtra. M\u00f3nica Guadalupe Medina G\u00f3mez<br \/>\nLic. Jos\u00e9 Luis Villarreal Jasso<\/span><\/p>\n<h4><strong><span class=\"tm17\">Tribunal de Disciplina Judicial (5)<\/span><\/strong><\/h4>\n<p class=\"Normal_Web_\"><span class=\"tm14\">Lic. Alicia N\u00fa\u00f1ez Medina<br \/>\nMtra. Martha Elba D\u00e1vila P\u00e9rez<br \/>\nMtra. Janett Romo Zaragoza<br \/>\nLic. Omar Eduardo Pedroza L\u00f3pez<br \/>\nLic. Manuel Pe\u00f1a Le\u00f3n<\/span><\/p>\n<h4><strong><span class=\"tm17\">Jueces Laborales (2)<\/span><\/strong><\/h4>\n<p class=\"Normal_Web_\"><span class=\"tm14\">Lic. Karla Mar\u00eda Gallegos Casta\u00f1eda<br \/>\nLic. Jorge Alberto Aguirre Garc\u00eda<\/span><\/p>\n<h4><strong><span class=\"tm17\">Jueces de Justicia Auxiliar (5)<\/span><\/strong><\/h4>\n<p class=\"Normal_Web_\"><span class=\"tm14\">Lic. Martha Hern\u00e1ndez Ornelas<br \/>\nLic. Mandy Paulina Rinc\u00f3n Mu\u00f1oz<br \/>\nLic. Iliana Alejandra Rodr\u00edguez S\u00edgala<br \/>\nLic. C\u00e9sar Cisneros Ibarra<br \/>\nLic. Hugo Abraham Osorio Chairez<\/span><\/p>\n<h4><strong><span class=\"tm17\">Jueces Orales Mercantiles (2)<\/span><\/strong><\/h4>\n<p class=\"Normal_Web_\"><span class=\"tm14\">Lic. Mar\u00eda Elisa Fern\u00e1ndez Franco<br \/>\nLic. \u00d3scar Reyes Leos<\/span><\/p>\n<h4><strong><span class=\"tm17\">Jueces Penales (23)<\/span><\/strong><\/h4>\n<p class=\"Normal_Web_\"><span class=\"tm14\">Lic. Laura Alicia Alba Cu\u00e9llar<br \/>\nLic. Rosa Elena Mu\u00f1oz Esparza<br \/>\nLic. M\u00f3nica Mariana Estrada Escobedo<br \/>\nLic. Fabiola Ortiz Mac\u00edas<br \/>\nLic. Diana Montserrat Mart\u00ednez Ramos<br \/>\nLic. Claudia Alejandra Far\u00edas Mart\u00ednez<br \/>\nLic. Cynthia Astrid Hern\u00e1ndez Garc\u00eda<br \/>\nLic. Margarita Estrada Pe\u00f1a<br \/>\nLic. Nancy Paola Ponce Romo<br \/>\nLic. Yadira Ibeth Rodr\u00edguez Salas<br \/>\nLic. Luc\u00eda Anaid Garc\u00eda Ju\u00e1rez<br \/>\nLic. Irma Elia Reyes de Luna<br \/>\nLic. H\u00e9ctor Alejandro Andrade Alvarado<br \/>\nLic. Jaime Vargas Mac\u00edas<br \/>\nLic. Claudio Azul Ba\u00f1uelos Jurado<br \/>\nLic. H\u00e9ctor Delgadillo Pereida<br \/>\nLic. Daniel Ram\u00edrez Guti\u00e9rrez<br \/>\nLic. Guillermo Leonardo Hern\u00e1ndez Reyes<br \/>\nLic. Omar Gabriel Delgado Mac\u00edas<br \/>\nLic. Alfonso Guerrero Rodr\u00edguez<br \/>\nLic. Williams Daniel Gonz\u00e1lez Almaz\u00e1n<br \/>\nLic. Fernando Gonz\u00e1lez Femat<br \/>\nLic. Jes\u00fas Eduardo M\u00e9ndez Mart\u00ednez<\/span><\/p>\n<h4><strong><span class=\"tm17\">Jueces Mercantiles Tradicionales (4)<\/span><\/strong><\/h4>\n<p class=\"Normal_Web_\"><span class=\"tm14\">Lic. Ana Luisa Padilla G\u00f3mez<br \/>\nLic. Sandra Ivonne Galindo Delgadillo<br \/>\nLic. Guadalupe Alejandra Ruvalcaba Monjo<br \/>\nLic. Nataly Jazany Melo Franco<\/span><\/p>\n<h4><strong><span class=\"tm17\">Jueces Civiles (3)<\/span><\/strong><\/h4>\n<p class=\"Normal_Web_\"><span class=\"tm14\">Lic. Adriana Salcedo Elizondo<br \/>\nLic. Lizzully Alejandra Esparza Rocha<br \/>\nLic. Tom\u00e1s Hu\u00edzar Jim\u00e9nez<\/span><\/p>\n<h4><strong><span class=\"tm17\">Jueces Familiares (6)<\/span><\/strong><\/h4>\n<p class=\"Normal_Web_\"><span class=\"tm14\">Lic. Nadia Steffi Gonz\u00e1lez Soto<br \/>\nLic. Karime Frausto Rasgado<br \/>\nLic. Isaura Abigail Garc\u00eda Jim\u00e9nez<br \/>\nLic. Genaro Tabares Gonz\u00e1lez<br \/>\nLic. Juan Jos\u00e9 G\u00f3mez Diosdado<br \/>\nLic. Ricardo De Luna M\u00e1rquez<\/span><\/p>\n<h4><strong><span class=\"tm17\">Jueces Mixtos (4)<\/span><\/strong><\/h4>\n<p class=\"Normal_Web_\"><span class=\"tm14\">Lic. Martha Montoya Padilla<br \/>\nLic. Beatriz Andrade Gonz\u00e1lez<br \/>\nLic. El\u00edas Esqueda Rivera<br \/>\nLic. Ren\u00e9 Jonathan Hern\u00e1ndez Gayt\u00e1n<\/span><\/p>\n<p class=\"tm13\"><span class=\"tm14\">Una vez concluida la Toma de Protesta, se inform\u00f3 que el<\/span>\u00a0nuevo Poder Judicial comenzar\u00e1 sus funciones el pr\u00f3ximo 1\u00ba de septiembre del a\u00f1o en curso<span class=\"tm14\">. Tras agotarse los asuntos del orden del d\u00eda, fueron clausurados los trabajos de la Sesi\u00f3n Solemne.<\/span><\/p>\n<p class=\"Normal\">\n","protected":false},"excerpt":{"rendered":"<p>#informativoelvalledeaguascalientes #novaradioaguascalientes #informativoelvalledeaguascalientesll #Aguascalientes &nbsp; &nbsp; En un hecho hist\u00f3rico para Aguascalientes, se celebr\u00f3 la\u00a0Sesi\u00f3n Solemne de Toma de Protesta\u00a0de 65 personas que ocupar\u00e1n los cargos de magistrados y jueces en el Poder Judicial del Estado. Por primera vez, estos puestos fueron definidos a trav\u00e9s de un\u00a0proceso de elecci\u00f3n ciudadana, lo que representa un paso [&hellip;]<\/p>\n","protected":false},"author":1,"featured_media":75659,"comment_status":"closed","ping_status":"open","sticky":false,"template":"","format":"standard","meta":{"advanced_seo_description":"","jetpack_seo_html_title":"","jetpack_seo_noindex":false,"_jetpack_memberships_contains_paid_content":false,"footnotes":"","jetpack_publicize_message":"","jetpack_publicize_feature_enabled":true,"jetpack_social_post_already_shared":true,"jetpack_social_options":{"image_generator_settings":{"template":"highway","default_image_id":0,"font":"","enabled":false},"version":2}},"categories":[21,4,5],"tags":[22,872,320],"class_list":["post-75658","post","type-post","status-publish","format-standard","has-post-thumbnail","hentry","category-aguascalientes","category-gobierno-del-estado-aguascalientes","category-h-congreso-del-estado-aguascalientes","tag-aguascalientes","tag-lxvi-legislatura-aguascalientes","tag-tere-jimenez"],"jetpack_publicize_connections":[],"jetpack_featured_media_url":"https:\/\/i0.wp.com\/informativoelvalledeaguascalientes.online\/wp-content\/uploads\/2025\/08\/147A0038.jpg?fit=899%2C599&ssl=1","jetpack-related-posts":[],"jetpack_sharing_enabled":true,"jetpack_likes_enabled":true,"_links":{"self":[{"href":"https:\/\/informativoelvalledeaguascalientes.online\/index.php?rest_route=\/wp\/v2\/posts\/75658","targetHints":{"allow":["GET"]}}],"collection":[{"href":"https:\/\/informativoelvalledeaguascalientes.online\/index.php?rest_route=\/wp\/v2\/posts"}],"about":[{"href":"https:\/\/informativoelvalledeaguascalientes.online\/index.php?rest_route=\/wp\/v2\/types\/post"}],"author":[{"embeddable":true,"href":"https:\/\/informativoelvalledeaguascalientes.online\/index.php?rest_route=\/wp\/v2\/users\/1"}],"replies":[{"embeddable":true,"href":"https:\/\/informativoelvalledeaguascalientes.online\/index.php?rest_route=%2Fwp%2Fv2%2Fcomments&post=75658"}],"version-history":[{"count":2,"href":"https:\/\/informativoelvalledeaguascalientes.online\/index.php?rest_route=\/wp\/v2\/posts\/75658\/revisions"}],"predecessor-version":[{"id":75661,"href":"https:\/\/informativoelvalledeaguascalientes.online\/index.php?rest_route=\/wp\/v2\/posts\/75658\/revisions\/75661"}],"wp:featuredmedia":[{"embeddable":true,"href":"https:\/\/informativoelvalledeaguascalientes.online\/index.php?rest_route=\/wp\/v2\/media\/75659"}],"wp:attachment":[{"href":"https:\/\/informativoelvalledeaguascalientes.online\/index.php?rest_route=%2Fwp%2Fv2%2Fmedia&parent=75658"}],"wp:term":[{"taxonomy":"category","embeddable":true,"href":"https:\/\/informativoelvalledeaguascalientes.online\/index.php?rest_route=%2Fwp%2Fv2%2Fcategories&post=75658"},{"taxonomy":"post_tag","embeddable":true,"href":"https:\/\/informativoelvalledeaguascalientes.online\/index.php?rest_route=%2Fwp%2Fv2%2Ftags&post=75658"}],"curies":[{"name":"wp","href":"https:\/\/api.w.org\/{rel}","templated":true}]}}