{"id":75652,"date":"2025-08-29T22:51:31","date_gmt":"2025-08-30T04:51:31","guid":{"rendered":"https:\/\/informativoelvalledeaguascalientes.online\/?p=75652"},"modified":"2025-08-29T22:51:31","modified_gmt":"2025-08-30T04:51:31","slug":"hoy-el-fiscal-general-del-estado-estuvo-presente-en-la-toma-de-protesta-de-los-nuevos-jueces-y-magistrados","status":"publish","type":"post","link":"https:\/\/informativoelvalledeaguascalientes.online\/?p=75652","title":{"rendered":"Hoy, el Fiscal General del Estado estuvo presente en la toma de protesta de los nuevos jueces y magistrados"},"content":{"rendered":"<p>#informativoelvalledeaguascalientes #novaradioaguascalientes #informativoelvalledeaguascalientesll #Aguascalientes<\/p>\n<p>&nbsp;<\/p>\n<p>&nbsp;<\/p>\n<p>Hoy, el Fiscal General del Estado estuvo presente en la toma de protesta de los nuevos jueces y magistrados, con quienes se trabajar\u00e1 de la mano para fortalecer la procuraci\u00f3n de justicia y la seguridad en nuestra entidad.<\/p>\n<p>Asimismo, se promover\u00e1 la colaboraci\u00f3n interinstitucional y el compromiso con la legalidad, para garantizar unas instituciones m\u00e1s s\u00f3lidas y una mejor seguridad para todas las familias. #SeguridadParaTodos #Fiscal\u00edaDelEstado<\/p>\n","protected":false},"excerpt":{"rendered":"<p>#informativoelvalledeaguascalientes #novaradioaguascalientes #informativoelvalledeaguascalientesll #Aguascalientes &nbsp; &nbsp; Hoy, el Fiscal General del Estado estuvo presente en la toma de protesta de los nuevos jueces y magistrados, con quienes se trabajar\u00e1 de la mano para fortalecer la procuraci\u00f3n de justicia y la seguridad en nuestra entidad. Asimismo, se promover\u00e1 la colaboraci\u00f3n interinstitucional y el compromiso con la [&hellip;]<\/p>\n","protected":false},"author":1,"featured_media":75653,"comment_status":"closed","ping_status":"open","sticky":false,"template":"","format":"standard","meta":{"advanced_seo_description":"","jetpack_seo_html_title":"","jetpack_seo_noindex":false,"_jetpack_memberships_contains_paid_content":false,"footnotes":"","jetpack_publicize_message":"","jetpack_publicize_feature_enabled":true,"jetpack_social_post_already_shared":true,"jetpack_social_options":{"image_generator_settings":{"template":"highway","default_image_id":0,"font":"","enabled":false},"version":2}},"categories":[21,952],"tags":[22,926],"class_list":["post-75652","post","type-post","status-publish","format-standard","has-post-thumbnail","hentry","category-aguascalientes","category-fgea","tag-aguascalientes","tag-fgea"],"jetpack_publicize_connections":[],"jetpack_featured_media_url":"https:\/\/i0.wp.com\/informativoelvalledeaguascalientes.online\/wp-content\/uploads\/2025\/08\/6eda514e-2ec4-4ef6-b110-c3a71d6cb34e.jpg?fit=1600%2C1066&ssl=1","jetpack-related-posts":[],"jetpack_sharing_enabled":true,"jetpack_likes_enabled":true,"_links":{"self":[{"href":"https:\/\/informativoelvalledeaguascalientes.online\/index.php?rest_route=\/wp\/v2\/posts\/75652","targetHints":{"allow":["GET"]}}],"collection":[{"href":"https:\/\/informativoelvalledeaguascalientes.online\/index.php?rest_route=\/wp\/v2\/posts"}],"about":[{"href":"https:\/\/informativoelvalledeaguascalientes.online\/index.php?rest_route=\/wp\/v2\/types\/post"}],"author":[{"embeddable":true,"href":"https:\/\/informativoelvalledeaguascalientes.online\/index.php?rest_route=\/wp\/v2\/users\/1"}],"replies":[{"embeddable":true,"href":"https:\/\/informativoelvalledeaguascalientes.online\/index.php?rest_route=%2Fwp%2Fv2%2Fcomments&post=75652"}],"version-history":[{"count":1,"href":"https:\/\/informativoelvalledeaguascalientes.online\/index.php?rest_route=\/wp\/v2\/posts\/75652\/revisions"}],"predecessor-version":[{"id":75654,"href":"https:\/\/informativoelvalledeaguascalientes.online\/index.php?rest_route=\/wp\/v2\/posts\/75652\/revisions\/75654"}],"wp:featuredmedia":[{"embeddable":true,"href":"https:\/\/informativoelvalledeaguascalientes.online\/index.php?rest_route=\/wp\/v2\/media\/75653"}],"wp:attachment":[{"href":"https:\/\/informativoelvalledeaguascalientes.online\/index.php?rest_route=%2Fwp%2Fv2%2Fmedia&parent=75652"}],"wp:term":[{"taxonomy":"category","embeddable":true,"href":"https:\/\/informativoelvalledeaguascalientes.online\/index.php?rest_route=%2Fwp%2Fv2%2Fcategories&post=75652"},{"taxonomy":"post_tag","embeddable":true,"href":"https:\/\/informativoelvalledeaguascalientes.online\/index.php?rest_route=%2Fwp%2Fv2%2Ftags&post=75652"}],"curies":[{"name":"wp","href":"https:\/\/api.w.org\/{rel}","templated":true}]}}