{"id":75646,"date":"2025-08-29T22:42:56","date_gmt":"2025-08-30T04:42:56","guid":{"rendered":"https:\/\/informativoelvalledeaguascalientes.online\/?p=75646"},"modified":"2025-08-29T22:42:56","modified_gmt":"2025-08-30T04:42:56","slug":"asiste-tere-jimenez-a-la-toma-de-protesta-de-nuevos-jueces-y-magistrados-del-poder-judicial-del-estado-de-aguascalientes","status":"publish","type":"post","link":"https:\/\/informativoelvalledeaguascalientes.online\/?p=75646","title":{"rendered":"ASISTE TERE JIM\u00c9NEZ A LA TOMA DE PROTESTA DE NUEVOS JUECES Y MAGISTRADOS DEL PODER JUDICIAL DEL ESTADO DE AGUASCALIENTES"},"content":{"rendered":"<p>#informativoelvalledeaguascalientes #novaradioaguascalientes #informativoelvalledeaguascalientesll #Aguascalientes<\/p>\n<p>&nbsp;<\/p>\n<p>La gobernadora de Aguascalientes, Tere Jim\u00e9nez, encabez\u00f3 la sesi\u00f3n solemne del H. Congreso del Estado, donde rindieron protesta de ley las 65 personas que ocupar\u00e1n los cargos de jueces y magistrados en el Poder Judicial del Estado, y a quienes exhort\u00f3 a desempe\u00f1ar sus funciones con sensibilidad, responsabilidad y profesionalismo.<\/p>\n<p>De igual forma, Tere Jim\u00e9nez reiter\u00f3 su compromiso de trabajar de la mano con los Poderes Judicial y Legislativo para que Aguascalientes se mantenga como un estado donde prevalezca la legalidad, el respeto a las instituciones y el debido equilibrio de poderes.<\/p>\n<p>Durante la sesi\u00f3n, rindieron protesta las y los nuevos magistrados del Supremo Tribunal de Justicia del Estado de Aguascalientes y del Tribunal de Disciplina Judicial del Estado de Aguascalientes, as\u00ed como los jueces de Primera Instancia del Poder Judicial del Estado de Aguascalientes, tanto Laborales, de Justicia Auxiliar, Orales Mercantiles, Penales, Mercantiles Tradicionales, Civiles, Familiares y Mixtos.<\/p>\n<p>El evento protocolario se realiz\u00f3 en la Sala de Conciertos del Complejo Ferrocarrilero Tres Centurias, con la participaci\u00f3n de las y los diputados que integran la LXVI Legislatura del H. Congreso del Estado.<\/p>\n","protected":false},"excerpt":{"rendered":"<p>#informativoelvalledeaguascalientes #novaradioaguascalientes #informativoelvalledeaguascalientesll #Aguascalientes &nbsp; La gobernadora de Aguascalientes, Tere Jim\u00e9nez, encabez\u00f3 la sesi\u00f3n solemne del H. Congreso del Estado, donde rindieron protesta de ley las 65 personas que ocupar\u00e1n los cargos de jueces y magistrados en el Poder Judicial del Estado, y a quienes exhort\u00f3 a desempe\u00f1ar sus funciones con sensibilidad, responsabilidad y profesionalismo. [&hellip;]<\/p>\n","protected":false},"author":1,"featured_media":75647,"comment_status":"closed","ping_status":"open","sticky":false,"template":"","format":"standard","meta":{"advanced_seo_description":"","jetpack_seo_html_title":"","jetpack_seo_noindex":false,"_jetpack_memberships_contains_paid_content":false,"footnotes":"","jetpack_publicize_message":"","jetpack_publicize_feature_enabled":true,"jetpack_social_post_already_shared":true,"jetpack_social_options":{"image_generator_settings":{"template":"highway","default_image_id":0,"font":"","enabled":false},"version":2}},"categories":[21,4,5],"tags":[22,615,872,320],"class_list":["post-75646","post","type-post","status-publish","format-standard","has-post-thumbnail","hentry","category-aguascalientes","category-gobierno-del-estado-aguascalientes","category-h-congreso-del-estado-aguascalientes","tag-aguascalientes","tag-gobierno-del-estado-de-aguascalientes","tag-lxvi-legislatura-aguascalientes","tag-tere-jimenez"],"jetpack_publicize_connections":[],"jetpack_featured_media_url":"https:\/\/i0.wp.com\/informativoelvalledeaguascalientes.online\/wp-content\/uploads\/2025\/08\/daae7b1d-711f-4254-ac88-e2c264f319ac.jpg?fit=1599%2C1066&ssl=1","jetpack-related-posts":[],"jetpack_sharing_enabled":true,"jetpack_likes_enabled":true,"_links":{"self":[{"href":"https:\/\/informativoelvalledeaguascalientes.online\/index.php?rest_route=\/wp\/v2\/posts\/75646","targetHints":{"allow":["GET"]}}],"collection":[{"href":"https:\/\/informativoelvalledeaguascalientes.online\/index.php?rest_route=\/wp\/v2\/posts"}],"about":[{"href":"https:\/\/informativoelvalledeaguascalientes.online\/index.php?rest_route=\/wp\/v2\/types\/post"}],"author":[{"embeddable":true,"href":"https:\/\/informativoelvalledeaguascalientes.online\/index.php?rest_route=\/wp\/v2\/users\/1"}],"replies":[{"embeddable":true,"href":"https:\/\/informativoelvalledeaguascalientes.online\/index.php?rest_route=%2Fwp%2Fv2%2Fcomments&post=75646"}],"version-history":[{"count":1,"href":"https:\/\/informativoelvalledeaguascalientes.online\/index.php?rest_route=\/wp\/v2\/posts\/75646\/revisions"}],"predecessor-version":[{"id":75648,"href":"https:\/\/informativoelvalledeaguascalientes.online\/index.php?rest_route=\/wp\/v2\/posts\/75646\/revisions\/75648"}],"wp:featuredmedia":[{"embeddable":true,"href":"https:\/\/informativoelvalledeaguascalientes.online\/index.php?rest_route=\/wp\/v2\/media\/75647"}],"wp:attachment":[{"href":"https:\/\/informativoelvalledeaguascalientes.online\/index.php?rest_route=%2Fwp%2Fv2%2Fmedia&parent=75646"}],"wp:term":[{"taxonomy":"category","embeddable":true,"href":"https:\/\/informativoelvalledeaguascalientes.online\/index.php?rest_route=%2Fwp%2Fv2%2Fcategories&post=75646"},{"taxonomy":"post_tag","embeddable":true,"href":"https:\/\/informativoelvalledeaguascalientes.online\/index.php?rest_route=%2Fwp%2Fv2%2Ftags&post=75646"}],"curies":[{"name":"wp","href":"https:\/\/api.w.org\/{rel}","templated":true}]}}