{"id":75643,"date":"2025-08-29T22:40:14","date_gmt":"2025-08-30T04:40:14","guid":{"rendered":"https:\/\/informativoelvalledeaguascalientes.online\/?p=75643"},"modified":"2025-08-29T22:40:14","modified_gmt":"2025-08-30T04:40:14","slug":"se-reune-tere-jimenez-con-directora-general-de-la-comision-federal-de-electricidad-emilia-esther-calleja-alor","status":"publish","type":"post","link":"https:\/\/informativoelvalledeaguascalientes.online\/?p=75643","title":{"rendered":"SE RE\u00daNE TERE JIM\u00c9NEZ CON DIRECTORA GENERAL DE LA COMISI\u00d3N FEDERAL DE ELECTRICIDAD, EMILIA ESTHER CALLEJA ALOR"},"content":{"rendered":"<p>#informativoelvalledeaguascalientes #novaradioaguascalientes #informativoelvalledeaguascalientesll #Aguascalientes<\/p>\n<p>&nbsp;<\/p>\n<p>&nbsp;<\/p>\n<p>La gobernadora de Aguascalientes, Tere Jim\u00e9nez, sostuvo una reuni\u00f3n de trabajo con la directora general de la Comisi\u00f3n Federal de Electricidad (CFE), Emilia Esther Calleja Alor, con quien revis\u00f3 la infraestructura actual con que cuenta el estado y los nuevos proyectos que se prev\u00e9n para la entidad en materia de energ\u00eda el\u00e9ctrica.<\/p>\n<p>Durante el encuentro, la gobernadora present\u00f3 un diagn\u00f3stico sobre las necesidades actuales y la creciente demanda de energ\u00eda en el estado de Aguascalientes, con una proyecci\u00f3n al a\u00f1o 2035.<\/p>\n<p>En este sentido, indic\u00f3 que se seguir\u00e1 trabajando de forma coordinada con la CFE para el desarrollo de nuevos planes de infraestructura el\u00e9ctrica que permitan atender el crecimiento industrial y poblacional de la entidad, sobre todo ante el establecimiento de nuevas empresas en Aguascalientes.<\/p>\n<p>Por su parte, la directora general de la CFE, Emilia Esther Calleja Alor, present\u00f3 algunos proyectos que se tiene previsto desarrollar en la entidad gracias a las gestiones de la gobernadora Tere Jim\u00e9nez, con el fin de consolidar una red el\u00e9ctrica moderna y que responda a las necesidades presentes y futuras de Aguascalientes.<\/p>\n<p>Durante el encuentro que se realiz\u00f3 en las oficinas de la CFE en Paseo de la Reforma en la Ciudad de M\u00e9xico, tambi\u00e9n estuvieron presentes Guillermo de la Torre Sifuentes, secretario de Planeaci\u00f3n, Participaci\u00f3n y Desarrollo; Jorge Armando Llamas Esparza, director general de la Agencia de Energ\u00eda del Estado de Aguascalientes; Lorena Mart\u00ednez Rodr\u00edguez, representante del Gobierno del Estado de Aguascalientes en la Ciudad de M\u00e9xico; as\u00ed como directivos de la CFE.<\/p>\n","protected":false},"excerpt":{"rendered":"<p>#informativoelvalledeaguascalientes #novaradioaguascalientes #informativoelvalledeaguascalientesll #Aguascalientes &nbsp; &nbsp; La gobernadora de Aguascalientes, Tere Jim\u00e9nez, sostuvo una reuni\u00f3n de trabajo con la directora general de la Comisi\u00f3n Federal de Electricidad (CFE), Emilia Esther Calleja Alor, con quien revis\u00f3 la infraestructura actual con que cuenta el estado y los nuevos proyectos que se prev\u00e9n para la entidad en materia [&hellip;]<\/p>\n","protected":false},"author":1,"featured_media":75644,"comment_status":"closed","ping_status":"open","sticky":false,"template":"","format":"standard","meta":{"advanced_seo_description":"","jetpack_seo_html_title":"","jetpack_seo_noindex":false,"_jetpack_memberships_contains_paid_content":false,"footnotes":"","jetpack_publicize_message":"","jetpack_publicize_feature_enabled":true,"jetpack_social_post_already_shared":true,"jetpack_social_options":{"image_generator_settings":{"template":"highway","default_image_id":0,"font":"","enabled":false},"version":2}},"categories":[21,4],"tags":[22,615,320],"class_list":["post-75643","post","type-post","status-publish","format-standard","has-post-thumbnail","hentry","category-aguascalientes","category-gobierno-del-estado-aguascalientes","tag-aguascalientes","tag-gobierno-del-estado-de-aguascalientes","tag-tere-jimenez"],"jetpack_publicize_connections":[],"jetpack_featured_media_url":"https:\/\/i0.wp.com\/informativoelvalledeaguascalientes.online\/wp-content\/uploads\/2025\/08\/cfed6c70-0f96-49d9-a446-36efd2af9bc7-scaled.jpg?fit=2560%2C1920&ssl=1","jetpack-related-posts":[],"jetpack_sharing_enabled":true,"jetpack_likes_enabled":true,"_links":{"self":[{"href":"https:\/\/informativoelvalledeaguascalientes.online\/index.php?rest_route=\/wp\/v2\/posts\/75643","targetHints":{"allow":["GET"]}}],"collection":[{"href":"https:\/\/informativoelvalledeaguascalientes.online\/index.php?rest_route=\/wp\/v2\/posts"}],"about":[{"href":"https:\/\/informativoelvalledeaguascalientes.online\/index.php?rest_route=\/wp\/v2\/types\/post"}],"author":[{"embeddable":true,"href":"https:\/\/informativoelvalledeaguascalientes.online\/index.php?rest_route=\/wp\/v2\/users\/1"}],"replies":[{"embeddable":true,"href":"https:\/\/informativoelvalledeaguascalientes.online\/index.php?rest_route=%2Fwp%2Fv2%2Fcomments&post=75643"}],"version-history":[{"count":1,"href":"https:\/\/informativoelvalledeaguascalientes.online\/index.php?rest_route=\/wp\/v2\/posts\/75643\/revisions"}],"predecessor-version":[{"id":75645,"href":"https:\/\/informativoelvalledeaguascalientes.online\/index.php?rest_route=\/wp\/v2\/posts\/75643\/revisions\/75645"}],"wp:featuredmedia":[{"embeddable":true,"href":"https:\/\/informativoelvalledeaguascalientes.online\/index.php?rest_route=\/wp\/v2\/media\/75644"}],"wp:attachment":[{"href":"https:\/\/informativoelvalledeaguascalientes.online\/index.php?rest_route=%2Fwp%2Fv2%2Fmedia&parent=75643"}],"wp:term":[{"taxonomy":"category","embeddable":true,"href":"https:\/\/informativoelvalledeaguascalientes.online\/index.php?rest_route=%2Fwp%2Fv2%2Fcategories&post=75643"},{"taxonomy":"post_tag","embeddable":true,"href":"https:\/\/informativoelvalledeaguascalientes.online\/index.php?rest_route=%2Fwp%2Fv2%2Ftags&post=75643"}],"curies":[{"name":"wp","href":"https:\/\/api.w.org\/{rel}","templated":true}]}}