{"id":75640,"date":"2025-08-29T22:32:39","date_gmt":"2025-08-30T04:32:39","guid":{"rendered":"https:\/\/informativoelvalledeaguascalientes.online\/?p=75640"},"modified":"2025-08-29T22:32:39","modified_gmt":"2025-08-30T04:32:39","slug":"dif-estatal-celebra-a-mas-de-mil-500-abuelitas-y-abuelitos-en-su-dia","status":"publish","type":"post","link":"https:\/\/informativoelvalledeaguascalientes.online\/?p=75640","title":{"rendered":"DIF ESTATAL CELEBRA A M\u00c1S DE MIL 500 ABUELITAS Y ABUELITOS EN SU D\u00cdA"},"content":{"rendered":"<p>&nbsp;<\/p>\n<p>&nbsp;<\/p>\n<p>&nbsp;<\/p>\n<p>La alegr\u00eda se desbord\u00f3 en el Foro de las Estrellas, donde m\u00e1s de mil 500 abuelitas y abuelitos se reunieron para celebrar con entusiasmo el D\u00eda del Adulto Mayor mediante el evento \u201cGigantes en Plenitud\u201d, una fiesta entra\u00f1able, llena de m\u00fasica en vivo, baile, sonrisas y momentos que tocaron el coraz\u00f3n de todos los asistentes.<\/p>\n<p>Organizado por el Sistema para el Desarrollo Integral de la Familia (DIF) Estatal de Aguascalientes, este festejo reuni\u00f3 a adultos mayores provenientes de los distintos municipios del estado, del Centro Gerontol\u00f3gico y de los Clubes de la Tercera Edad.<\/p>\n<p>Aurora Jim\u00e9nez Esquivel, primera voluntaria y presidenta del DIF Estatal, destac\u00f3 que tanto para la gobernadora Tere Jim\u00e9nez como para ella, los adultos mayores son una prioridad, y reafirm\u00f3 su compromiso con la creaci\u00f3n y el fortalecimiento de programas que garanticen una atenci\u00f3n integral y una mejor calidad de vida para el sector.<\/p>\n<p>\u201cHoy es un d\u00eda muy especial, porque estamos celebrando la vida y la experiencia de todas las personas que han sido ejemplo de ense\u00f1anza y valores para nosotros. Deseamos que se diviertan y se sientan muy queridos y apapachados por nosotros. Felicito con mucho cari\u00f1o a cada una de nuestras abuelitas y abuelitos, y deseo que sigan conservando esa chispa que los mantiene con vitalidad y entusiasmo, que para muchos de nosotros es un ejemplo a seguir. Gracias por toda su experiencia y por el amor que nos transmiten. Muchas felicidades&#8221;, les dijo la presidenta del DIF Estatal.<\/p>\n<p>M\u00f3nica Becerra, directora general del DIF Estatal, felicit\u00f3 a las y los asistentes y les record\u00f3 que desde la instituci\u00f3n se trabaja con compromiso para mejorar su calidad de vida.<\/p>\n<p>\u201cUstedes nos ense\u00f1an que la experiencia es un tesoro. Agradecemos profundamente los conocimientos, las historias y los ejemplos de vida que nos comparten. Son pilares de familias fuertes y de ni\u00f1as, ni\u00f1os y adolescentes felices. Nos inspiran con su esfuerzo, su alegr\u00eda y su amor por la vida\u201d, mencion\u00f3.<\/p>\n<p>El festejo tambi\u00e9n incluy\u00f3 una rifa con premios que arrancaron sonrisas y aplausos, haciendo de esta jornada una verdadera fiesta.<\/p>\n<p>En el evento tambi\u00e9n estuvieron presentes el presidente municipal de Aguascalientes, Leonardo Monta\u00f1ez Castro; Norma Guel Saldivar, secretaria de la Familia; Ma. de Jes\u00fas Ram\u00edrez Castro, directora general del Instituto Aguascalentense de las Personas Adultas Mayores; Natzielly Rodr\u00edguez Calzada, directora del Instituto Aguascalentense de las Personas Migrantes, y Silvia de la Cruz Marcial de Medina, presidenta del DIF Municipal de Jes\u00fas Mar\u00eda.<\/p>\n","protected":false},"excerpt":{"rendered":"<p>&nbsp; &nbsp; &nbsp; La alegr\u00eda se desbord\u00f3 en el Foro de las Estrellas, donde m\u00e1s de mil 500 abuelitas y abuelitos se reunieron para celebrar con entusiasmo el D\u00eda del Adulto Mayor mediante el evento \u201cGigantes en Plenitud\u201d, una fiesta entra\u00f1able, llena de m\u00fasica en vivo, baile, sonrisas y momentos que tocaron el coraz\u00f3n de [&hellip;]<\/p>\n","protected":false},"author":1,"featured_media":75641,"comment_status":"closed","ping_status":"open","sticky":false,"template":"","format":"standard","meta":{"advanced_seo_description":"","jetpack_seo_html_title":"","jetpack_seo_noindex":false,"_jetpack_memberships_contains_paid_content":false,"footnotes":"","jetpack_publicize_message":"","jetpack_publicize_feature_enabled":true,"jetpack_social_post_already_shared":true,"jetpack_social_options":{"image_generator_settings":{"template":"highway","default_image_id":0,"font":"","enabled":false},"version":2}},"categories":[21,4],"tags":[22,65,615],"class_list":["post-75640","post","type-post","status-publish","format-standard","has-post-thumbnail","hentry","category-aguascalientes","category-gobierno-del-estado-aguascalientes","tag-aguascalientes","tag-dif-estatal-aguascalientes","tag-gobierno-del-estado-de-aguascalientes"],"jetpack_publicize_connections":[],"jetpack_featured_media_url":"https:\/\/i0.wp.com\/informativoelvalledeaguascalientes.online\/wp-content\/uploads\/2025\/08\/e0b3ea09-9602-48f5-a5b2-45698f68de93.jpg?fit=1280%2C720&ssl=1","jetpack-related-posts":[],"jetpack_sharing_enabled":true,"jetpack_likes_enabled":true,"_links":{"self":[{"href":"https:\/\/informativoelvalledeaguascalientes.online\/index.php?rest_route=\/wp\/v2\/posts\/75640","targetHints":{"allow":["GET"]}}],"collection":[{"href":"https:\/\/informativoelvalledeaguascalientes.online\/index.php?rest_route=\/wp\/v2\/posts"}],"about":[{"href":"https:\/\/informativoelvalledeaguascalientes.online\/index.php?rest_route=\/wp\/v2\/types\/post"}],"author":[{"embeddable":true,"href":"https:\/\/informativoelvalledeaguascalientes.online\/index.php?rest_route=\/wp\/v2\/users\/1"}],"replies":[{"embeddable":true,"href":"https:\/\/informativoelvalledeaguascalientes.online\/index.php?rest_route=%2Fwp%2Fv2%2Fcomments&post=75640"}],"version-history":[{"count":1,"href":"https:\/\/informativoelvalledeaguascalientes.online\/index.php?rest_route=\/wp\/v2\/posts\/75640\/revisions"}],"predecessor-version":[{"id":75642,"href":"https:\/\/informativoelvalledeaguascalientes.online\/index.php?rest_route=\/wp\/v2\/posts\/75640\/revisions\/75642"}],"wp:featuredmedia":[{"embeddable":true,"href":"https:\/\/informativoelvalledeaguascalientes.online\/index.php?rest_route=\/wp\/v2\/media\/75641"}],"wp:attachment":[{"href":"https:\/\/informativoelvalledeaguascalientes.online\/index.php?rest_route=%2Fwp%2Fv2%2Fmedia&parent=75640"}],"wp:term":[{"taxonomy":"category","embeddable":true,"href":"https:\/\/informativoelvalledeaguascalientes.online\/index.php?rest_route=%2Fwp%2Fv2%2Fcategories&post=75640"},{"taxonomy":"post_tag","embeddable":true,"href":"https:\/\/informativoelvalledeaguascalientes.online\/index.php?rest_route=%2Fwp%2Fv2%2Ftags&post=75640"}],"curies":[{"name":"wp","href":"https:\/\/api.w.org\/{rel}","templated":true}]}}