{"id":75637,"date":"2025-08-29T22:29:52","date_gmt":"2025-08-30T04:29:52","guid":{"rendered":"https:\/\/informativoelvalledeaguascalientes.online\/?p=75637"},"modified":"2025-08-29T22:29:52","modified_gmt":"2025-08-30T04:29:52","slug":"tere-jimenez-recibe-reconocimientos-por-impulsar-la-salud-en-aguascalientes-y-pone-en-marcha-la-red-de-municipios-por-la-salud","status":"publish","type":"post","link":"https:\/\/informativoelvalledeaguascalientes.online\/?p=75637","title":{"rendered":"TERE JIM\u00c9NEZ RECIBE RECONOCIMIENTOS POR IMPULSAR LA SALUD EN AGUASCALIENTES Y PONE EN MARCHA LA RED DE MUNICIPIOS POR LA SALUD"},"content":{"rendered":"<p>#informativoelvalledeaguascalientes #novaradioaguascalientes #informativoelvalledeaguascalientesll #Aguascalientes<\/p>\n<p>&nbsp;<\/p>\n<p>&nbsp;<\/p>\n<p>* Recibi\u00f3 el Premio Angels Award Diamond por las mejores pr\u00e1cticas m\u00e9dicas cerebrovasculares, que ubican a Aguascalientes como el mejor del pa\u00eds<br \/>\n* Tambi\u00e9n le entregaron el Premio Alcaldes M\u00e9xico por la creaci\u00f3n del Instituto de Atenci\u00f3n Integral de Enfermedades Renales<br \/>\n* Es necesario que trabajemos unidos los tres niveles de gobierno y que sigamos aport\u00e1ndole mucho a la salud: Tere Jim\u00e9nez<\/p>\n<p>&nbsp;<\/p>\n<p>La gobernadora de Aguascalientes, Tere Jim\u00e9nez, tom\u00f3 protesta a los integrantes de la Red Aguascalentense de Municipios por la Salud, desde donde se trabajar\u00e1 para fortalecer las acciones de atenci\u00f3n, prevenci\u00f3n y promoci\u00f3n de la salud en cada una de las comunidades que integran los 11 municipios del estado.<\/p>\n<p>\u201cCon esta red, cumplimos uno de los compromisos m\u00e1s importantes, que es trabajar juntos por las familias de Aguascalientes; es necesario que trabajemos unidos los tres niveles de gobierno y que sigamos aport\u00e1ndole mucho a la salud; al certificarse como promotores de la salud, los municipios ser\u00e1n el medio para que cada habitante del estado haga v\u00e1lido su derecho a vivir en un entorno m\u00e1s digno y seguro\u201d, destac\u00f3 la gobernadora.<\/p>\n<p>Dijo que en Aguascalientes la salud es una prioridad, por lo que a diario se trabaja para garantizar que las familias cuenten con servicios de calidad; \u201cla responsabilidad de un gobierno es asegurar que la gente tenga acceso a medicinas, a tratamientos, a la tecnolog\u00eda m\u00e9dica y a medidas preventivas\u201d.<\/p>\n<p>En el marco del evento, la gobernadora Tere Jim\u00e9nez recibi\u00f3 el Premio Angels International Award Diamante por las mejores pr\u00e1cticas m\u00e9dicas cerebrovasculares, que ubican a Aguascalientes como el mejor del pa\u00eds; se lo entreg\u00f3 Pamela Aldana Preciado, representante de Angels Medical en M\u00e9xico.<\/p>\n<p>Tambi\u00e9n le otorgaron el Premio Alcaldes M\u00e9xico en la categor\u00eda de Mejores Pr\u00e1cticas de Gobiernos Locales 2025, por la creaci\u00f3n del Instituto de Atenci\u00f3n Integral de Enfermedades Renales (Inaer).<\/p>\n<p>Daniel Aceves Villagr\u00e1n, director general de Pol\u00edticas en Salud P\u00fablica de la Secretar\u00eda de Salud del Gobierno de M\u00e9xico, reconoci\u00f3 el trabajo que realiza la gobernadora Tere Jim\u00e9nez en materia de salud p\u00fablica en Aguascalientes.<\/p>\n<p>\u201cQuiero agradecer a la gobernadora de Aguascalientes, a la doctora Tere Jim\u00e9nez, su anfitrion\u00eda y su vocaci\u00f3n por conformar un gran equipo de salud, por supuesto, con el liderazgo del doctor Galaviz, quien es reconocido en todos los Consejos Nacionales de Salud para el Bienestar como una voz calificada; creo que el epicentro en el tema de salud lo ha generado, y sobre todo lo ha direccionado, la gobernadora Tere Jim\u00e9nez, por impulsar una cultura de autocuidado de la salud\u201d, expres\u00f3.<\/p>\n<p>Rub\u00e9n Galaviz Trist\u00e1n, secretario de Salud del Estado, dijo que, a trav\u00e9s de la Red Aguascalentense de Municipios por la Salud, se har\u00e1 un trabajo conjunto entre la Federaci\u00f3n, el Estado y los Municipios para promover acciones como la prevenci\u00f3n del dengue, alimentaci\u00f3n saludable, detecci\u00f3n temprana de enfermedades cr\u00f3nicas atenci\u00f3n a la salud mental, fomento de la lactancia materna, campa\u00f1as de vacunaci\u00f3n, promoci\u00f3n de la actividad f\u00edsica, entre otras.<\/p>\n<p>\u201cTenemos la fortuna en Aguascalientes, de que la relaci\u00f3n con todos los presidentes municipales es excelente, todos trabajan de manera comunitaria, todos bajo una misma bandera, que es la salud; el 70 por ciento de la carga de enfermedades se puede manejar muy bien cuando las acciones de los municipios se dan de manera integral, como se hace en Aguascalientes\u201d, destac\u00f3.<\/p>\n<p>En el evento que se realiz\u00f3 en el Palacio de Gobierno, tambi\u00e9n estuvieron Leonardo Monta\u00f1ez Castro, presidente municipal de Aguascalientes; Daniel Romo Urrutia, presidente municipal de Calvillo y presidente de la Red Aguascalentense de Municipios por la Salud; Laura Araceli Gonz\u00e1lez Reyes, presidenta municipal de San Jos\u00e9 de Gracia; C\u00e9sar Medina, presidente municipal de Jes\u00fas Mar\u00eda, y Francisco Araiza M\u00e9ndez, secretario general de la Federaci\u00f3n de Sindicatos de Trabajadores del Estado de Aguascalientes (Fedesa).<\/p>\n","protected":false},"excerpt":{"rendered":"<p>#informativoelvalledeaguascalientes #novaradioaguascalientes #informativoelvalledeaguascalientesll #Aguascalientes &nbsp; &nbsp; * Recibi\u00f3 el Premio Angels Award Diamond por las mejores pr\u00e1cticas m\u00e9dicas cerebrovasculares, que ubican a Aguascalientes como el mejor del pa\u00eds * Tambi\u00e9n le entregaron el Premio Alcaldes M\u00e9xico por la creaci\u00f3n del Instituto de Atenci\u00f3n Integral de Enfermedades Renales * Es necesario que trabajemos unidos los tres [&hellip;]<\/p>\n","protected":false},"author":1,"featured_media":75638,"comment_status":"closed","ping_status":"open","sticky":false,"template":"","format":"standard","meta":{"advanced_seo_description":"","jetpack_seo_html_title":"","jetpack_seo_noindex":false,"_jetpack_memberships_contains_paid_content":false,"footnotes":"","jetpack_publicize_message":"","jetpack_publicize_feature_enabled":true,"jetpack_social_post_already_shared":true,"jetpack_social_options":{"image_generator_settings":{"template":"highway","default_image_id":0,"font":"","enabled":false},"version":2}},"categories":[21,4],"tags":[22,615,30,320],"class_list":["post-75637","post","type-post","status-publish","format-standard","has-post-thumbnail","hentry","category-aguascalientes","category-gobierno-del-estado-aguascalientes","tag-aguascalientes","tag-gobierno-del-estado-de-aguascalientes","tag-issea","tag-tere-jimenez"],"jetpack_publicize_connections":[],"jetpack_featured_media_url":"https:\/\/i0.wp.com\/informativoelvalledeaguascalientes.online\/wp-content\/uploads\/2025\/08\/5e1350ec-bc53-453d-8fad-24857b7aa083.jpg?fit=1440%2C960&ssl=1","jetpack-related-posts":[],"jetpack_sharing_enabled":true,"jetpack_likes_enabled":true,"_links":{"self":[{"href":"https:\/\/informativoelvalledeaguascalientes.online\/index.php?rest_route=\/wp\/v2\/posts\/75637","targetHints":{"allow":["GET"]}}],"collection":[{"href":"https:\/\/informativoelvalledeaguascalientes.online\/index.php?rest_route=\/wp\/v2\/posts"}],"about":[{"href":"https:\/\/informativoelvalledeaguascalientes.online\/index.php?rest_route=\/wp\/v2\/types\/post"}],"author":[{"embeddable":true,"href":"https:\/\/informativoelvalledeaguascalientes.online\/index.php?rest_route=\/wp\/v2\/users\/1"}],"replies":[{"embeddable":true,"href":"https:\/\/informativoelvalledeaguascalientes.online\/index.php?rest_route=%2Fwp%2Fv2%2Fcomments&post=75637"}],"version-history":[{"count":1,"href":"https:\/\/informativoelvalledeaguascalientes.online\/index.php?rest_route=\/wp\/v2\/posts\/75637\/revisions"}],"predecessor-version":[{"id":75639,"href":"https:\/\/informativoelvalledeaguascalientes.online\/index.php?rest_route=\/wp\/v2\/posts\/75637\/revisions\/75639"}],"wp:featuredmedia":[{"embeddable":true,"href":"https:\/\/informativoelvalledeaguascalientes.online\/index.php?rest_route=\/wp\/v2\/media\/75638"}],"wp:attachment":[{"href":"https:\/\/informativoelvalledeaguascalientes.online\/index.php?rest_route=%2Fwp%2Fv2%2Fmedia&parent=75637"}],"wp:term":[{"taxonomy":"category","embeddable":true,"href":"https:\/\/informativoelvalledeaguascalientes.online\/index.php?rest_route=%2Fwp%2Fv2%2Fcategories&post=75637"},{"taxonomy":"post_tag","embeddable":true,"href":"https:\/\/informativoelvalledeaguascalientes.online\/index.php?rest_route=%2Fwp%2Fv2%2Ftags&post=75637"}],"curies":[{"name":"wp","href":"https:\/\/api.w.org\/{rel}","templated":true}]}}