{"id":75607,"date":"2025-08-28T00:09:51","date_gmt":"2025-08-28T06:09:51","guid":{"rendered":"https:\/\/informativoelvalledeaguascalientes.online\/?p=75607"},"modified":"2025-08-28T00:09:51","modified_gmt":"2025-08-28T06:09:51","slug":"la-compania-estatal-de-danza-infantil-de-aguascalientes-ceda-celebro-su-vii-aniversario","status":"publish","type":"post","link":"https:\/\/informativoelvalledeaguascalientes.online\/?p=75607","title":{"rendered":"La Compa\u00f1\u00eda Estatal de Danza Infantil de Aguascalientes (CEDA) celebr\u00f3 su VII aniversario"},"content":{"rendered":"<p class=\"p1\">#informativoelvalledeaguascalientes<span class=\"Apple-converted-space\">\u00a0 <\/span>#novaradioaguascalientes #informativoelvalledeaguascalientesll #Aguascalientes<\/p>\n<p>&nbsp;<\/p>\n<p>La Compa\u00f1\u00eda Estatal de Danza Infantil de Aguascalientes (CEDA) celebr\u00f3 su VII aniversario con el espect\u00e1culo &#8220;La Algarab\u00eda de M\u00e9xico&#8221; en el Teatro Aguascalientes.<\/p>\n<p>Un rico mosaico de tradiciones y costumbres representadas por medio del folclor para preservar las danzas y bailes de nuestro pa\u00eds.<\/p>\n<p>La algarab\u00eda de M\u00e9xico se refleja a trav\u00e9s de la m\u00fasica, la danza y los trajes t\u00edpicos que distinguen a nuestros pueblos y que representan una forma de vivir, valorando el ayer, el presente y el deseo de mantener vivas las tradiciones.<\/p>\n<p>Estas fiestas se cuentan a trav\u00e9s de ni\u00f1as y ni\u00f1os que las interpretan con el coraz\u00f3n y construyen una historia de quienes somos con cada uno de sus movimientos.<\/p>\n<p>La CEDA est\u00e1 conformada por 60 bailarines, ni\u00f1as y ni\u00f1os de entre 7-12 a\u00f1os, bajo la direcci\u00f3n del maestro Esteban Lu\u00e9vano Alaniz, la maestra Norma Cervantes Montoya y con la coordinaci\u00f3n art\u00edstica del maestro V\u00edctor Hern\u00e1ndez Garc\u00eda.<\/p>\n<p>&nbsp;<\/p>\n<p>&nbsp;<\/p>\n","protected":false},"excerpt":{"rendered":"<p>#informativoelvalledeaguascalientes\u00a0 #novaradioaguascalientes #informativoelvalledeaguascalientesll #Aguascalientes &nbsp; La Compa\u00f1\u00eda Estatal de Danza Infantil de Aguascalientes (CEDA) celebr\u00f3 su VII aniversario con el espect\u00e1culo &#8220;La Algarab\u00eda de M\u00e9xico&#8221; en el Teatro Aguascalientes. Un rico mosaico de tradiciones y costumbres representadas por medio del folclor para preservar las danzas y bailes de nuestro pa\u00eds. La algarab\u00eda de M\u00e9xico se [&hellip;]<\/p>\n","protected":false},"author":1,"featured_media":75608,"comment_status":"closed","ping_status":"open","sticky":false,"template":"","format":"standard","meta":{"advanced_seo_description":"","jetpack_seo_html_title":"","jetpack_seo_noindex":false,"_jetpack_memberships_contains_paid_content":false,"footnotes":"","jetpack_publicize_message":"","jetpack_publicize_feature_enabled":true,"jetpack_social_post_already_shared":true,"jetpack_social_options":{"image_generator_settings":{"template":"highway","default_image_id":0,"font":"","enabled":false},"version":2}},"categories":[21,4],"tags":[22,978,615,52],"class_list":["post-75607","post","type-post","status-publish","format-standard","has-post-thumbnail","hentry","category-aguascalientes","category-gobierno-del-estado-aguascalientes","tag-aguascalientes","tag-ceda","tag-gobierno-del-estado-de-aguascalientes","tag-ica"],"jetpack_publicize_connections":[],"jetpack_featured_media_url":"https:\/\/i0.wp.com\/informativoelvalledeaguascalientes.online\/wp-content\/uploads\/2025\/08\/c3b7398f-209f-46c2-953d-f4a73d1c7d2a.jpg?fit=1600%2C618&ssl=1","jetpack-related-posts":[],"jetpack_sharing_enabled":true,"jetpack_likes_enabled":true,"_links":{"self":[{"href":"https:\/\/informativoelvalledeaguascalientes.online\/index.php?rest_route=\/wp\/v2\/posts\/75607","targetHints":{"allow":["GET"]}}],"collection":[{"href":"https:\/\/informativoelvalledeaguascalientes.online\/index.php?rest_route=\/wp\/v2\/posts"}],"about":[{"href":"https:\/\/informativoelvalledeaguascalientes.online\/index.php?rest_route=\/wp\/v2\/types\/post"}],"author":[{"embeddable":true,"href":"https:\/\/informativoelvalledeaguascalientes.online\/index.php?rest_route=\/wp\/v2\/users\/1"}],"replies":[{"embeddable":true,"href":"https:\/\/informativoelvalledeaguascalientes.online\/index.php?rest_route=%2Fwp%2Fv2%2Fcomments&post=75607"}],"version-history":[{"count":1,"href":"https:\/\/informativoelvalledeaguascalientes.online\/index.php?rest_route=\/wp\/v2\/posts\/75607\/revisions"}],"predecessor-version":[{"id":75609,"href":"https:\/\/informativoelvalledeaguascalientes.online\/index.php?rest_route=\/wp\/v2\/posts\/75607\/revisions\/75609"}],"wp:featuredmedia":[{"embeddable":true,"href":"https:\/\/informativoelvalledeaguascalientes.online\/index.php?rest_route=\/wp\/v2\/media\/75608"}],"wp:attachment":[{"href":"https:\/\/informativoelvalledeaguascalientes.online\/index.php?rest_route=%2Fwp%2Fv2%2Fmedia&parent=75607"}],"wp:term":[{"taxonomy":"category","embeddable":true,"href":"https:\/\/informativoelvalledeaguascalientes.online\/index.php?rest_route=%2Fwp%2Fv2%2Fcategories&post=75607"},{"taxonomy":"post_tag","embeddable":true,"href":"https:\/\/informativoelvalledeaguascalientes.online\/index.php?rest_route=%2Fwp%2Fv2%2Ftags&post=75607"}],"curies":[{"name":"wp","href":"https:\/\/api.w.org\/{rel}","templated":true}]}}