{"id":75604,"date":"2025-08-28T00:04:25","date_gmt":"2025-08-28T06:04:25","guid":{"rendered":"https:\/\/informativoelvalledeaguascalientes.online\/?p=75604"},"modified":"2025-08-28T00:04:25","modified_gmt":"2025-08-28T06:04:25","slug":"en-calvillo-ags-se-entregaron-apoyos-en-utiles-escolares-para-ninos-y-ninas","status":"publish","type":"post","link":"https:\/\/informativoelvalledeaguascalientes.online\/?p=75604","title":{"rendered":"En Calvillo Ags. se entregaron apoyos en utiles escolares para ni\u00f1os y ni\u00f1as."},"content":{"rendered":"<p class=\"p1\">#informativoelvalledeaguascalientes<span class=\"Apple-converted-space\">\u00a0 <\/span>#novaradioaguascalientes #informativoelvalledeaguascalientesll #Aguascalientes<\/p>\n<p>&nbsp;<\/p>\n<p>&nbsp;<\/p>\n<p>Con el compromiso de apoyar la econom\u00eda de las familias y garantizar que nuestras ni\u00f1as, ni\u00f1os y adolescentes cuenten con las herramientas necesarias para un mejor desempe\u00f1o acad\u00e9mico, se llev\u00f3 a cabo la entrega de \u00fatiles escolares, mochilas y calzado escolar en el municipio de Calvillo.<\/p>\n<p>La jornada inici\u00f3 en la comunidad de El Chiquihuitero, con la presencia de Aurora Esquivel Jim\u00e9nez, presidenta del DIF Estatal; posteriormente, la gobernadora Tere Jim\u00e9nez, encabez\u00f3 la entrega de \u00fatiles escolares, en la cabecera municipal, refrendando su compromiso con la educaci\u00f3n de las y los estudiantes calvillenses.<\/p>\n<p>Por \u00faltimo, en la comunidad de La Fortuna, tambi\u00e9n se realiz\u00f3 la entrega de apoyos escolares para beneficiar a las familias de esta zona.<\/p>\n<p>El presidente municipal de Calvillo, Daniel Romo Urrutia, agradeci\u00f3 a la gobernadora Tere Jim\u00e9nez por impulsar este tipo de acciones, que contribuyen a fortalecer la educaci\u00f3n y apoyar directamente a quienes m\u00e1s lo necesitan.<\/p>\n<p>Seguimos trabajando para respaldar a la comunidad estudiantil y construir un mejor presente y futuro para nuestra gente.<\/p>\n<p>#LegadoParaMiGente<\/p>\n","protected":false},"excerpt":{"rendered":"<p>#informativoelvalledeaguascalientes\u00a0 #novaradioaguascalientes #informativoelvalledeaguascalientesll #Aguascalientes &nbsp; &nbsp; Con el compromiso de apoyar la econom\u00eda de las familias y garantizar que nuestras ni\u00f1as, ni\u00f1os y adolescentes cuenten con las herramientas necesarias para un mejor desempe\u00f1o acad\u00e9mico, se llev\u00f3 a cabo la entrega de \u00fatiles escolares, mochilas y calzado escolar en el municipio de Calvillo. La jornada inici\u00f3 [&hellip;]<\/p>\n","protected":false},"author":1,"featured_media":75605,"comment_status":"closed","ping_status":"open","sticky":false,"template":"","format":"standard","meta":{"advanced_seo_description":"","jetpack_seo_html_title":"","jetpack_seo_noindex":false,"_jetpack_memberships_contains_paid_content":false,"footnotes":"","jetpack_publicize_message":"","jetpack_publicize_feature_enabled":true,"jetpack_social_post_already_shared":true,"jetpack_social_options":{"image_generator_settings":{"template":"highway","default_image_id":0,"font":"","enabled":false},"version":2}},"categories":[21,4],"tags":[22,88,29,320],"class_list":["post-75604","post","type-post","status-publish","format-standard","has-post-thumbnail","hentry","category-aguascalientes","category-gobierno-del-estado-aguascalientes","tag-aguascalientes","tag-calvillo","tag-calvillo-aguascalientes","tag-tere-jimenez"],"jetpack_publicize_connections":[],"jetpack_featured_media_url":"https:\/\/i0.wp.com\/informativoelvalledeaguascalientes.online\/wp-content\/uploads\/2025\/08\/412fd7b2-0767-4d8e-99b7-00e891603c26.jpg?fit=1280%2C854&ssl=1","jetpack-related-posts":[],"jetpack_sharing_enabled":true,"jetpack_likes_enabled":true,"_links":{"self":[{"href":"https:\/\/informativoelvalledeaguascalientes.online\/index.php?rest_route=\/wp\/v2\/posts\/75604","targetHints":{"allow":["GET"]}}],"collection":[{"href":"https:\/\/informativoelvalledeaguascalientes.online\/index.php?rest_route=\/wp\/v2\/posts"}],"about":[{"href":"https:\/\/informativoelvalledeaguascalientes.online\/index.php?rest_route=\/wp\/v2\/types\/post"}],"author":[{"embeddable":true,"href":"https:\/\/informativoelvalledeaguascalientes.online\/index.php?rest_route=\/wp\/v2\/users\/1"}],"replies":[{"embeddable":true,"href":"https:\/\/informativoelvalledeaguascalientes.online\/index.php?rest_route=%2Fwp%2Fv2%2Fcomments&post=75604"}],"version-history":[{"count":1,"href":"https:\/\/informativoelvalledeaguascalientes.online\/index.php?rest_route=\/wp\/v2\/posts\/75604\/revisions"}],"predecessor-version":[{"id":75606,"href":"https:\/\/informativoelvalledeaguascalientes.online\/index.php?rest_route=\/wp\/v2\/posts\/75604\/revisions\/75606"}],"wp:featuredmedia":[{"embeddable":true,"href":"https:\/\/informativoelvalledeaguascalientes.online\/index.php?rest_route=\/wp\/v2\/media\/75605"}],"wp:attachment":[{"href":"https:\/\/informativoelvalledeaguascalientes.online\/index.php?rest_route=%2Fwp%2Fv2%2Fmedia&parent=75604"}],"wp:term":[{"taxonomy":"category","embeddable":true,"href":"https:\/\/informativoelvalledeaguascalientes.online\/index.php?rest_route=%2Fwp%2Fv2%2Fcategories&post=75604"},{"taxonomy":"post_tag","embeddable":true,"href":"https:\/\/informativoelvalledeaguascalientes.online\/index.php?rest_route=%2Fwp%2Fv2%2Ftags&post=75604"}],"curies":[{"name":"wp","href":"https:\/\/api.w.org\/{rel}","templated":true}]}}