{"id":7541,"date":"2020-06-08T21:44:57","date_gmt":"2020-06-09T03:44:57","guid":{"rendered":"https:\/\/informativoelvalledeaguascalientes.online\/?p=7541"},"modified":"2020-06-08T21:44:57","modified_gmt":"2020-06-09T03:44:57","slug":"estudiantes-de-conalep-ags-destacan-en-competencia-regional-y-ganan-pase-a-la-final","status":"publish","type":"post","link":"https:\/\/informativoelvalledeaguascalientes.online\/?p=7541","title":{"rendered":"ESTUDIANTES DE CONALEP AGS DESTACAN EN COMPETENCIA REGIONAL Y GANAN PASE A LA FINAL\u00a0"},"content":{"rendered":"<p dir=\"ltr\">Como muestra de la competitividad de las y los j\u00f3venes aguascalentenses en temas de innovaci\u00f3n, ciencia y tecnolog\u00eda, alumnos del plantel Conalep de Jes\u00fas Mar\u00eda\u00a0 obtuvieron el segundo lugar en el desaf\u00edo tecnol\u00f3gico \u201cF1 in Schools\u201d, en la etapa regional, consiguiendo su pase para representar al estado de Aguascalientes en la edici\u00f3n nacional.<\/p>\n<p dir=\"ltr\">La escuder\u00eda integrada por alumnos y alumnas del plantel Ing. Miguel \u00c1ngel Barberena Vega, fue destacada por el completo desarrollo de estrategias que permitan la simulaci\u00f3n de los procesos de la F\u00f3rmula 1; trabajando desde el dise\u00f1o de un prototipo de auto, hasta la creaci\u00f3n de una identidad de marca que deton\u00f3 sus habilidades en mercadotecnia, emprendimiento, entre otras. Adem\u00e1s de forjar en ellos valores como el trabajo en equipo, la solidaridad y el compa\u00f1erismo.<\/p>\n<p dir=\"ltr\">Adicionalmente esta escuder\u00eda obtuvo tres reconocimientos especiales por su estrategia de mercadotecnia, equipo con mejor estrategia de patrocinios y ganadores de los retos en redes sociales.<\/p>\n<p dir=\"ltr\">Cabe mencionar que adem\u00e1s de este segundo lugar en la categor\u00eda \u201cProfesional\u201d, en la divisi\u00f3n de \u201cDesarrollo\u201d, estudiantes de diversos bachilleratos del estado, obtuvieron 8 de los 9 lugares para el pase a la final a la competencia nacional, entre ellos destac\u00f3 tambi\u00e9n la escuder\u00eda del plantel II Cd. Industrial de Conalep, quienes obtuvieron el sexto lugar en este rubro.<\/p>\n","protected":false},"excerpt":{"rendered":"<p>Como muestra de la competitividad de las y los j\u00f3venes aguascalentenses en temas de innovaci\u00f3n, ciencia y tecnolog\u00eda, alumnos del plantel Conalep de Jes\u00fas Mar\u00eda\u00a0 obtuvieron el segundo lugar en el desaf\u00edo tecnol\u00f3gico \u201cF1 in Schools\u201d, en la etapa regional, consiguiendo su pase para representar al estado de Aguascalientes en la edici\u00f3n nacional. La escuder\u00eda [&hellip;]<\/p>\n","protected":false},"author":1,"featured_media":7542,"comment_status":"closed","ping_status":"open","sticky":false,"template":"","format":"standard","meta":{"advanced_seo_description":"","jetpack_seo_html_title":"","jetpack_seo_noindex":false,"_jetpack_memberships_contains_paid_content":false,"footnotes":"","jetpack_publicize_message":"","jetpack_publicize_feature_enabled":true,"jetpack_social_post_already_shared":true,"jetpack_social_options":{"image_generator_settings":{"template":"highway","default_image_id":0,"font":"","enabled":false},"version":2}},"categories":[21,4],"tags":[22,252],"class_list":["post-7541","post","type-post","status-publish","format-standard","has-post-thumbnail","hentry","category-aguascalientes","category-gobierno-del-estado-aguascalientes","tag-aguascalientes","tag-conalep-aguascalientes"],"jetpack_publicize_connections":[],"jetpack_featured_media_url":"https:\/\/i0.wp.com\/informativoelvalledeaguascalientes.online\/wp-content\/uploads\/2020\/06\/conalep_ags_08062020.jpg?fit=1024%2C768&ssl=1","jetpack-related-posts":[],"jetpack_sharing_enabled":true,"jetpack_likes_enabled":true,"_links":{"self":[{"href":"https:\/\/informativoelvalledeaguascalientes.online\/index.php?rest_route=\/wp\/v2\/posts\/7541","targetHints":{"allow":["GET"]}}],"collection":[{"href":"https:\/\/informativoelvalledeaguascalientes.online\/index.php?rest_route=\/wp\/v2\/posts"}],"about":[{"href":"https:\/\/informativoelvalledeaguascalientes.online\/index.php?rest_route=\/wp\/v2\/types\/post"}],"author":[{"embeddable":true,"href":"https:\/\/informativoelvalledeaguascalientes.online\/index.php?rest_route=\/wp\/v2\/users\/1"}],"replies":[{"embeddable":true,"href":"https:\/\/informativoelvalledeaguascalientes.online\/index.php?rest_route=%2Fwp%2Fv2%2Fcomments&post=7541"}],"version-history":[{"count":1,"href":"https:\/\/informativoelvalledeaguascalientes.online\/index.php?rest_route=\/wp\/v2\/posts\/7541\/revisions"}],"predecessor-version":[{"id":7543,"href":"https:\/\/informativoelvalledeaguascalientes.online\/index.php?rest_route=\/wp\/v2\/posts\/7541\/revisions\/7543"}],"wp:featuredmedia":[{"embeddable":true,"href":"https:\/\/informativoelvalledeaguascalientes.online\/index.php?rest_route=\/wp\/v2\/media\/7542"}],"wp:attachment":[{"href":"https:\/\/informativoelvalledeaguascalientes.online\/index.php?rest_route=%2Fwp%2Fv2%2Fmedia&parent=7541"}],"wp:term":[{"taxonomy":"category","embeddable":true,"href":"https:\/\/informativoelvalledeaguascalientes.online\/index.php?rest_route=%2Fwp%2Fv2%2Fcategories&post=7541"},{"taxonomy":"post_tag","embeddable":true,"href":"https:\/\/informativoelvalledeaguascalientes.online\/index.php?rest_route=%2Fwp%2Fv2%2Ftags&post=7541"}],"curies":[{"name":"wp","href":"https:\/\/api.w.org\/{rel}","templated":true}]}}