{"id":75358,"date":"2025-08-21T21:51:52","date_gmt":"2025-08-22T03:51:52","guid":{"rendered":"https:\/\/informativoelvalledeaguascalientes.online\/?p=75358"},"modified":"2025-08-21T21:51:52","modified_gmt":"2025-08-22T03:51:52","slug":"reconoce-tere-jimenez-a-jovenes-destacados-con-el-premio-estatal-de-la-juventud-2025","status":"publish","type":"post","link":"https:\/\/informativoelvalledeaguascalientes.online\/?p=75358","title":{"rendered":"RECONOCE TERE JIM\u00c9NEZ A J\u00d3VENES DESTACADOS CON EL PREMIO ESTATAL DE LA JUVENTUD 2025"},"content":{"rendered":"<p>#informativoelvalledeaguascalientes #novaradioaguascalientes #informativoelvalledeaguascalientesll #Aguascalientes<\/p>\n<p>&nbsp;<\/p>\n<p>&nbsp;<\/p>\n<p>* Las categor\u00edas premiadas fueron: Gigante Art\u00edstico, Gigante de la Innovaci\u00f3n, Gigante en Impacto Social, Gigante del Emprendimiento, Gigante al M\u00e9rito Internacional, Gigante Sin L\u00edmites, Gigante Digital y Gigante del Deporte<br \/>\n* Geraldine Garc\u00eda, jugadora de Panteras Femenil, recibi\u00f3 menci\u00f3n honor\u00edfica tras conquistar la Liga Nacional de Baloncesto Profesional 2025<\/p>\n<p>&nbsp;<\/p>\n<p>Con el Teatro Morelos como escenario, la gobernadora de Aguascalientes, Tere Jim\u00e9nez, encabez\u00f3 la entrega del Premio Estatal de la Juventud 2025, un galard\u00f3n que reconoce a j\u00f3venes de entre 18 y 29 a\u00f1os cuya trayectoria, compromiso y labor aportan grandes beneficios a la sociedad.<\/p>\n<p>En un emotivo evento, se entregaron distinciones a destacadas y destacados j\u00f3venes en diversas categor\u00edas. La gobernadora subray\u00f3 el papel protag\u00f3nico de la juventud en el desarrollo del estado.<\/p>\n<p>\u201cFelicidades a todos los que participaron, sepan que son campeones. Dos palabras definen a los j\u00f3venes de Aguascalientes: sin l\u00edmites. Hoy celebramos a quienes ponen en alto el nombre del estado; cada categor\u00eda refleja que aqu\u00ed existe talento que florece en cada rinc\u00f3n y que se forja con orgullo para el mundo. Ustedes demuestran que los obst\u00e1culos son para superarse y hoy tienen su justa recompensa. Queremos ver m\u00e1s de ustedes, que sigan creciendo en cada proyecto que emprendan, cada uno de sus logros ha nacido de su deseo de ser mejores y de hacer que este mundo tambi\u00e9n lo sea. Ustedes son inspiraci\u00f3n para los j\u00f3venes que quieren atreverse, cuentan siempre con el Gobierno del Estado para que sus ideas sigan creciendo, para escucharlos y atenderlos; su ejemplo es la mejor prueba de que los sue\u00f1os se alcanzan con disciplina, pasi\u00f3n y entrega. An\u00edmense a crear nuevos mundos y tecnolog\u00edas, nunca olviden que los l\u00edmites solo existen cuando dejamos de intentarlo; el \u00e9xito se construye d\u00eda con d\u00eda. Ustedes son nuestros gigantes y nuestra inspiraci\u00f3n, felicidades\u201d, expres\u00f3 la gobernadora.<\/p>\n<p>Javier Rosas Reyes, director del Instituto Aguascalentense de la Juventud, agradeci\u00f3 a la gobernadora por el apoyo a las y los j\u00f3venes del estado, y reconoci\u00f3 el alto nivel de participaci\u00f3n y el talento de los participantes.<\/p>\n<p>\u201cEn Aguascalientes somos m\u00e1s de 430 mil j\u00f3venes que contamos con Tere Jim\u00e9nez, quien nos extiende la mano para acompa\u00f1arnos a cumplir nuestros sue\u00f1os, pues somos su prioridad. Este premio es un reconocimiento y un llamado a seguir transformando a la sociedad desde cada trinchera. La juventud de Aguascalientes est\u00e1 m\u00e1s viva, creativa y comprometida que nunca\u201d.<\/p>\n<p>Los ganadores del Premio Estatal de la Juventud 2025 fueron: en la categor\u00eda de Gigante Art\u00edstico, Pablo D\u00edaz de Le\u00f3n Hicks; en Gigante de la Innovaci\u00f3n, Borregos Racing; Gigante en Impacto Social, Daniel Padilla Castorena; Gigante del Emprendimiento, Muy Fresa; Gigante al M\u00e9rito Internacional, Luis Roberto Waybell Campos; Gigante Sin L\u00edmites, Gael Ibrahim M\u00e1rquez Acosta; Gigante Digital, Fernando Leal Sol\u00f3rzano, y Gigante del Deporte, Rodrigo Gonz\u00e1lez de Alba.<\/p>\n<p>Durante el evento se entreg\u00f3 una menci\u00f3n honor\u00edfica a Geraldine Garc\u00eda, jugadora del equipo Panteras femenil, quien demostr\u00f3, con pasi\u00f3n y perseverancia, que los sue\u00f1os se cumplen, pues junto con el equipo gan\u00f3 la Liga Nacional de Baloncesto Profesional 2025.<\/p>\n<p>Con esta ceremonia, el Gobierno del Estado refrenda su compromiso con la juventud, reconociendo a quienes dejan una huella positiva en Aguascalientes y m\u00e1s all\u00e1 de sus fronteras.<\/p>\n<p>Tambi\u00e9n estuvieron presentes To\u00f1o Mart\u00edn del Campo, senador de la Rep\u00fablica por Aguascalientes; Mirna Medina Ruvalcaba, presidenta de la Mesa Directiva del H. Congreso del Estado; el diputado local Rodrigo Cervantes, y Alfredo Mart\u00edn Cervantes, secretario de Finanzas del Estado.<\/p>\n","protected":false},"excerpt":{"rendered":"<p>#informativoelvalledeaguascalientes #novaradioaguascalientes #informativoelvalledeaguascalientesll #Aguascalientes &nbsp; &nbsp; * Las categor\u00edas premiadas fueron: Gigante Art\u00edstico, Gigante de la Innovaci\u00f3n, Gigante en Impacto Social, Gigante del Emprendimiento, Gigante al M\u00e9rito Internacional, Gigante Sin L\u00edmites, Gigante Digital y Gigante del Deporte * Geraldine Garc\u00eda, jugadora de Panteras Femenil, recibi\u00f3 menci\u00f3n honor\u00edfica tras conquistar la Liga Nacional de Baloncesto Profesional [&hellip;]<\/p>\n","protected":false},"author":1,"featured_media":75359,"comment_status":"closed","ping_status":"open","sticky":false,"template":"","format":"standard","meta":{"advanced_seo_description":"","jetpack_seo_html_title":"","jetpack_seo_noindex":false,"_jetpack_memberships_contains_paid_content":false,"footnotes":"","jetpack_publicize_message":"","jetpack_publicize_feature_enabled":true,"jetpack_social_post_already_shared":true,"jetpack_social_options":{"image_generator_settings":{"template":"highway","default_image_id":0,"font":"","enabled":false},"version":2}},"categories":[21,4],"tags":[22,615,35,320],"class_list":["post-75358","post","type-post","status-publish","format-standard","has-post-thumbnail","hentry","category-aguascalientes","category-gobierno-del-estado-aguascalientes","tag-aguascalientes","tag-gobierno-del-estado-de-aguascalientes","tag-iaju","tag-tere-jimenez"],"jetpack_publicize_connections":[],"jetpack_featured_media_url":"https:\/\/i0.wp.com\/informativoelvalledeaguascalientes.online\/wp-content\/uploads\/2025\/08\/379acd67-3921-4955-a489-fadc900df493.jpg?fit=1600%2C1068&ssl=1","jetpack-related-posts":[],"jetpack_sharing_enabled":true,"jetpack_likes_enabled":true,"_links":{"self":[{"href":"https:\/\/informativoelvalledeaguascalientes.online\/index.php?rest_route=\/wp\/v2\/posts\/75358","targetHints":{"allow":["GET"]}}],"collection":[{"href":"https:\/\/informativoelvalledeaguascalientes.online\/index.php?rest_route=\/wp\/v2\/posts"}],"about":[{"href":"https:\/\/informativoelvalledeaguascalientes.online\/index.php?rest_route=\/wp\/v2\/types\/post"}],"author":[{"embeddable":true,"href":"https:\/\/informativoelvalledeaguascalientes.online\/index.php?rest_route=\/wp\/v2\/users\/1"}],"replies":[{"embeddable":true,"href":"https:\/\/informativoelvalledeaguascalientes.online\/index.php?rest_route=%2Fwp%2Fv2%2Fcomments&post=75358"}],"version-history":[{"count":1,"href":"https:\/\/informativoelvalledeaguascalientes.online\/index.php?rest_route=\/wp\/v2\/posts\/75358\/revisions"}],"predecessor-version":[{"id":75360,"href":"https:\/\/informativoelvalledeaguascalientes.online\/index.php?rest_route=\/wp\/v2\/posts\/75358\/revisions\/75360"}],"wp:featuredmedia":[{"embeddable":true,"href":"https:\/\/informativoelvalledeaguascalientes.online\/index.php?rest_route=\/wp\/v2\/media\/75359"}],"wp:attachment":[{"href":"https:\/\/informativoelvalledeaguascalientes.online\/index.php?rest_route=%2Fwp%2Fv2%2Fmedia&parent=75358"}],"wp:term":[{"taxonomy":"category","embeddable":true,"href":"https:\/\/informativoelvalledeaguascalientes.online\/index.php?rest_route=%2Fwp%2Fv2%2Fcategories&post=75358"},{"taxonomy":"post_tag","embeddable":true,"href":"https:\/\/informativoelvalledeaguascalientes.online\/index.php?rest_route=%2Fwp%2Fv2%2Ftags&post=75358"}],"curies":[{"name":"wp","href":"https:\/\/api.w.org\/{rel}","templated":true}]}}