{"id":75230,"date":"2025-08-18T20:47:17","date_gmt":"2025-08-19T02:47:17","guid":{"rendered":"https:\/\/informativoelvalledeaguascalientes.online\/?p=75230"},"modified":"2025-08-18T20:47:17","modified_gmt":"2025-08-19T02:47:17","slug":"en-calvillo-ags-se-llevo-a-cabo-la-premiacion-del-concurso-de-fotografia-esencia-de-mi-pueblo","status":"publish","type":"post","link":"https:\/\/informativoelvalledeaguascalientes.online\/?p=75230","title":{"rendered":"En Calvillo Ags. se llev\u00f3 a cabo la premiaci\u00f3n del concurso de fotograf\u00eda &#8220;Esencia de mi Pueblo&#8221;."},"content":{"rendered":"<p class=\"p1\">#informativoelvalledeaguascalientes<span class=\"Apple-converted-space\">\u00a0 <\/span>#novaradioaguascalientes #informativoelvalledeaguascalientesll #Aguascalientes<\/p>\n<p>&nbsp;<\/p>\n<p>&nbsp;<\/p>\n<p>En el marco de la celebraci\u00f3n a Santa Elena de la Cruz en el Complejo Santa Cruz Calvillo, se llev\u00f3 a cabo la premiaci\u00f3n del concurso de fotograf\u00eda &#8220;Esencia de mi Pueblo&#8221;.<\/p>\n<p>Esta iniciativa busca motivar e incentivar la creatividad de los participantes, al retratar la belleza, tradiciones y esencia de nuestro querido Calvillo Pueblo M\u00e1gico.<\/p>\n<p>Muchas felicidades a los ganadores y un agradecimiento especial a todos los que participaron mostrando, a trav\u00e9s de su lente, el orgullo de ser calvillense.<\/p>\n<p>\ud83e\udd47&#8221;La Santa Cruz y el Rel\u00e1mpago&#8221; &#8211; Jos\u00e9 Alejandro Rivera Velasco<br \/>\n\ud83e\udd48&#8221;El silencio de la cosecha perdida&#8221; &#8211; Emmanuel Loera Olmos<br \/>\n\ud83e\udd49&#8221;Vida en Malpaso&#8221; &#8211; Mar\u00eda Cristina Figueroa de Loera<\/p>\n<p>#EsenciaDeMiPueblo<br \/>\n#CalvilloPuebloM\u00e1gico<br \/>\n#LegadoParaMiGente<\/p>\n","protected":false},"excerpt":{"rendered":"<p>#informativoelvalledeaguascalientes\u00a0 #novaradioaguascalientes #informativoelvalledeaguascalientesll #Aguascalientes &nbsp; &nbsp; En el marco de la celebraci\u00f3n a Santa Elena de la Cruz en el Complejo Santa Cruz Calvillo, se llev\u00f3 a cabo la premiaci\u00f3n del concurso de fotograf\u00eda &#8220;Esencia de mi Pueblo&#8221;. Esta iniciativa busca motivar e incentivar la creatividad de los participantes, al retratar la belleza, tradiciones y [&hellip;]<\/p>\n","protected":false},"author":1,"featured_media":75231,"comment_status":"closed","ping_status":"open","sticky":false,"template":"","format":"standard","meta":{"_monsterinsights_skip_tracking":false,"advanced_seo_description":"","jetpack_seo_html_title":"","jetpack_seo_noindex":false,"jetpack_seo_schema_type":"","_jetpack_newsletter_access":"","_jetpack_dont_email_post_to_subs":false,"_jetpack_newsletter_tier_id":0,"_jetpack_memberships_contains_paywalled_content":false,"_jetpack_feature_clip_id":0,"_jetpack_memberships_contains_paid_content":false,"footnotes":"","jetpack_publicize_message":"","jetpack_publicize_feature_enabled":true,"jetpack_social_post_already_shared":true,"jetpack_social_options":{"image_generator_settings":{"template":"highway","default_image_id":0,"font":"","enabled":false},"version":2},"jetpack_post_was_ever_published":false},"categories":[21,13],"tags":[22,88,29],"class_list":["post-75230","post","type-post","status-publish","format-standard","has-post-thumbnail","hentry","category-aguascalientes","category-calvillo-aguascalientes","tag-aguascalientes","tag-calvillo","tag-calvillo-aguascalientes"],"jetpack_publicize_connections":[],"jetpack_featured_media_url":"https:\/\/i0.wp.com\/informativoelvalledeaguascalientes.online\/wp-content\/uploads\/2025\/08\/a2099493-6846-4547-ae23-c1ef9d25a452.jpg?fit=1280%2C854&ssl=1","jetpack-related-posts":[],"jetpack_sharing_enabled":true,"jetpack_likes_enabled":true,"_links":{"self":[{"href":"https:\/\/informativoelvalledeaguascalientes.online\/index.php?rest_route=\/wp\/v2\/posts\/75230","targetHints":{"allow":["GET"]}}],"collection":[{"href":"https:\/\/informativoelvalledeaguascalientes.online\/index.php?rest_route=\/wp\/v2\/posts"}],"about":[{"href":"https:\/\/informativoelvalledeaguascalientes.online\/index.php?rest_route=\/wp\/v2\/types\/post"}],"author":[{"embeddable":true,"href":"https:\/\/informativoelvalledeaguascalientes.online\/index.php?rest_route=\/wp\/v2\/users\/1"}],"replies":[{"embeddable":true,"href":"https:\/\/informativoelvalledeaguascalientes.online\/index.php?rest_route=%2Fwp%2Fv2%2Fcomments&post=75230"}],"version-history":[{"count":1,"href":"https:\/\/informativoelvalledeaguascalientes.online\/index.php?rest_route=\/wp\/v2\/posts\/75230\/revisions"}],"predecessor-version":[{"id":75232,"href":"https:\/\/informativoelvalledeaguascalientes.online\/index.php?rest_route=\/wp\/v2\/posts\/75230\/revisions\/75232"}],"wp:featuredmedia":[{"embeddable":true,"href":"https:\/\/informativoelvalledeaguascalientes.online\/index.php?rest_route=\/wp\/v2\/media\/75231"}],"wp:attachment":[{"href":"https:\/\/informativoelvalledeaguascalientes.online\/index.php?rest_route=%2Fwp%2Fv2%2Fmedia&parent=75230"}],"wp:term":[{"taxonomy":"category","embeddable":true,"href":"https:\/\/informativoelvalledeaguascalientes.online\/index.php?rest_route=%2Fwp%2Fv2%2Fcategories&post=75230"},{"taxonomy":"post_tag","embeddable":true,"href":"https:\/\/informativoelvalledeaguascalientes.online\/index.php?rest_route=%2Fwp%2Fv2%2Ftags&post=75230"}],"curies":[{"name":"wp","href":"https:\/\/api.w.org\/{rel}","templated":true}]}}