{"id":74783,"date":"2025-08-10T22:42:42","date_gmt":"2025-08-11T04:42:42","guid":{"rendered":"https:\/\/informativoelvalledeaguascalientes.online\/?p=74783"},"modified":"2025-08-10T22:42:42","modified_gmt":"2025-08-11T04:42:42","slug":"arranca-obra-de-rehabilitacion-en-el-fraccionamiento-la-florida-jesus-maria","status":"publish","type":"post","link":"https:\/\/informativoelvalledeaguascalientes.online\/?p=74783","title":{"rendered":"ARRANCA OBRA DE REHABILITACI\u00d3N EN EL FRACCIONAMIENTO LA FLORIDA, JES\u00daS MAR\u00cdA"},"content":{"rendered":"<p class=\"p1\">#informativoelvalledeaguascalientes<span class=\"Apple-converted-space\">\u00a0 <\/span>#novaradioaguascalientes #informativoelvalledeaguascalientesll #Aguascalientes<\/p>\n<p>&nbsp;<\/p>\n<p>&nbsp;<\/p>\n<p>El Gobierno Municipal de Jes\u00fas Mar\u00eda puso en marcha la rehabilitaci\u00f3n del fraccionamiento La Florida, una obra que transformar\u00e1 su imagen urbana y elevar\u00e1 la calidad de vida de sus habitantes, con mejoras sustanciales en infraestructura y servicios p\u00fablicos.<\/p>\n<p>Tras el banderazo de arranque, el presidente municipal de Jes\u00fas Mar\u00eda, C\u00e9sar Medina inform\u00f3 que el proyecto contempla la construcci\u00f3n de guarniciones, banquetas y la aplicaci\u00f3n de concreto hidr\u00e1ulico en un tramo de aproximadamente 100 metros, beneficiando directamente a las familias que habitan en la zona, as\u00ed como a las y los menores que acuden al jard\u00edn de ni\u00f1os.<\/p>\n<p>Agreg\u00f3 que, como parte de la obra, tambi\u00e9n se instalar\u00e1 alumbrado p\u00fablico, lo que incrementar\u00e1 la seguridad y la funcionalidad de la vialidad \u201cSabemos que las obras pueden generar algunas incomodidades, pero valdr\u00e1n la pena porque transformar\u00e1n la calidad de vida de la zona y esta es solo la primera de varias intervenciones previstas para la colonia La Florida\u201d, destac\u00f3 el alcalde.<\/p>\n<p>En su intervenci\u00f3n, el secretario de Obras P\u00fablicas del Municipio, Carlos Rodr\u00edguez inform\u00f3 que a esta obra se incorporar\u00e1n elementos de urbanismo t\u00e1ctico para optimizar la movilidad y la se\u00f1al\u00e9tica, con el objetivo de brindar mayor seguridad en el tr\u00e1nsito peatonal, especialmente para las ni\u00f1as y ni\u00f1os.<\/p>\n<p>En este arranque de obra estuvieron presentes: la S\u00edndica Municipal, Beatriz L\u00f3pez Jim\u00e9nez; y los regidores de las comisiones de Obras P\u00fablicas, Asuntos Metropolitanos, Ecolog\u00eda y Transparencia, el titular de la Instancia de Cultura, Antonio Amaral; el delegado de Margaritas, Tochtli Casillas Ramos y la Comisaria de la Florida, Magdalena Urrutia Garc\u00eda; as\u00ed como a los beneficiarios de la obra.<\/p>\n","protected":false},"excerpt":{"rendered":"<p>#informativoelvalledeaguascalientes\u00a0 #novaradioaguascalientes #informativoelvalledeaguascalientesll #Aguascalientes &nbsp; &nbsp; El Gobierno Municipal de Jes\u00fas Mar\u00eda puso en marcha la rehabilitaci\u00f3n del fraccionamiento La Florida, una obra que transformar\u00e1 su imagen urbana y elevar\u00e1 la calidad de vida de sus habitantes, con mejoras sustanciales en infraestructura y servicios p\u00fablicos. Tras el banderazo de arranque, el presidente municipal de Jes\u00fas [&hellip;]<\/p>\n","protected":false},"author":1,"featured_media":74784,"comment_status":"closed","ping_status":"open","sticky":false,"template":"","format":"standard","meta":{"advanced_seo_description":"","jetpack_seo_html_title":"","jetpack_seo_noindex":false,"_jetpack_memberships_contains_paid_content":false,"footnotes":"","jetpack_publicize_message":"","jetpack_publicize_feature_enabled":true,"jetpack_social_post_already_shared":true,"jetpack_social_options":{"image_generator_settings":{"template":"highway","default_image_id":0,"font":"","enabled":false},"version":2}},"categories":[21,14],"tags":[22,45],"class_list":["post-74783","post","type-post","status-publish","format-standard","has-post-thumbnail","hentry","category-aguascalientes","category-jesus-maria-aguascalientes","tag-aguascalientes","tag-jesus-maria-aguascalientes"],"jetpack_publicize_connections":[],"jetpack_featured_media_url":"https:\/\/i0.wp.com\/informativoelvalledeaguascalientes.online\/wp-content\/uploads\/2025\/08\/c9daa225-c140-4503-85b7-78c1b3fc0502.jpg?fit=2560%2C1706&ssl=1","jetpack-related-posts":[],"jetpack_sharing_enabled":true,"jetpack_likes_enabled":true,"_links":{"self":[{"href":"https:\/\/informativoelvalledeaguascalientes.online\/index.php?rest_route=\/wp\/v2\/posts\/74783","targetHints":{"allow":["GET"]}}],"collection":[{"href":"https:\/\/informativoelvalledeaguascalientes.online\/index.php?rest_route=\/wp\/v2\/posts"}],"about":[{"href":"https:\/\/informativoelvalledeaguascalientes.online\/index.php?rest_route=\/wp\/v2\/types\/post"}],"author":[{"embeddable":true,"href":"https:\/\/informativoelvalledeaguascalientes.online\/index.php?rest_route=\/wp\/v2\/users\/1"}],"replies":[{"embeddable":true,"href":"https:\/\/informativoelvalledeaguascalientes.online\/index.php?rest_route=%2Fwp%2Fv2%2Fcomments&post=74783"}],"version-history":[{"count":1,"href":"https:\/\/informativoelvalledeaguascalientes.online\/index.php?rest_route=\/wp\/v2\/posts\/74783\/revisions"}],"predecessor-version":[{"id":74785,"href":"https:\/\/informativoelvalledeaguascalientes.online\/index.php?rest_route=\/wp\/v2\/posts\/74783\/revisions\/74785"}],"wp:featuredmedia":[{"embeddable":true,"href":"https:\/\/informativoelvalledeaguascalientes.online\/index.php?rest_route=\/wp\/v2\/media\/74784"}],"wp:attachment":[{"href":"https:\/\/informativoelvalledeaguascalientes.online\/index.php?rest_route=%2Fwp%2Fv2%2Fmedia&parent=74783"}],"wp:term":[{"taxonomy":"category","embeddable":true,"href":"https:\/\/informativoelvalledeaguascalientes.online\/index.php?rest_route=%2Fwp%2Fv2%2Fcategories&post=74783"},{"taxonomy":"post_tag","embeddable":true,"href":"https:\/\/informativoelvalledeaguascalientes.online\/index.php?rest_route=%2Fwp%2Fv2%2Ftags&post=74783"}],"curies":[{"name":"wp","href":"https:\/\/api.w.org\/{rel}","templated":true}]}}