{"id":74763,"date":"2025-08-10T22:10:41","date_gmt":"2025-08-11T04:10:41","guid":{"rendered":"https:\/\/informativoelvalledeaguascalientes.online\/?p=74763"},"modified":"2025-08-10T22:10:41","modified_gmt":"2025-08-11T04:10:41","slug":"%f0%9f%a5%88-medalla-de-plata-para-aguascalientes-%f0%9f%87%b2%f0%9f%87%bd-felicidades","status":"publish","type":"post","link":"https:\/\/informativoelvalledeaguascalientes.online\/?p=74763","title":{"rendered":"\ud83e\udd48 \u00a1Medalla de plata para Aguascalientes! \ud83c\uddf2\ud83c\uddfd Felicidades."},"content":{"rendered":"<p class=\"p1\">#informativoelvalledeaguascalientes<span class=\"Apple-converted-space\">\u00a0 <\/span>#novaradioaguascalientes #informativoelvalledeaguascalientesll #Aguascalientes<\/p>\n<p>&nbsp;<\/p>\n<p>&nbsp;<\/p>\n<p>\ud83e\udd48 \u00a1Medalla de plata para Aguascalientes! \ud83c\uddf2\ud83c\uddfd<\/p>\n<p>Desde Rinc\u00f3n de Romos, Jos\u00e9 Antonio Prieto brill\u00f3 en el ciclismo de ruta al completar el recorrido con un tiempo de 49:23.25 minutos en los Juegos Panamericanos Junior que se realizan en Asunci\u00f3n, Paraguay. \u00a1Felicidades por este gran logro que pone en alto el nombre de M\u00e9xico! \ud83d\udeb2\ud83d\udc4f\ud83c\udffc<\/p>\n<p>Asimismo, extendemos una felicitaci\u00f3n a Ra\u00fal Hern\u00e1ndez, entrenador de la selecci\u00f3n mexicana de ciclismo de monta\u00f1a, quien junto a su equipo conquist\u00f3 la medalla de oro, demostrando el talento, la dedicaci\u00f3n y la excelencia del ciclismo nacional. \ud83e\udd47\ud83d\udeb5\u200d\u2642\ufe0f\ud83c\uddf2\ud83c\uddfd<\/p>\n","protected":false},"excerpt":{"rendered":"<p>#informativoelvalledeaguascalientes\u00a0 #novaradioaguascalientes #informativoelvalledeaguascalientesll #Aguascalientes &nbsp; &nbsp; \ud83e\udd48 \u00a1Medalla de plata para Aguascalientes! \ud83c\uddf2\ud83c\uddfd Desde Rinc\u00f3n de Romos, Jos\u00e9 Antonio Prieto brill\u00f3 en el ciclismo de ruta al completar el recorrido con un tiempo de 49:23.25 minutos en los Juegos Panamericanos Junior que se realizan en Asunci\u00f3n, Paraguay. \u00a1Felicidades por este gran logro que pone en [&hellip;]<\/p>\n","protected":false},"author":1,"featured_media":74764,"comment_status":"closed","ping_status":"open","sticky":false,"template":"","format":"standard","meta":{"advanced_seo_description":"","jetpack_seo_html_title":"","jetpack_seo_noindex":false,"_jetpack_memberships_contains_paid_content":false,"footnotes":"","jetpack_publicize_message":"","jetpack_publicize_feature_enabled":true,"jetpack_social_post_already_shared":true,"jetpack_social_options":{"image_generator_settings":{"template":"highway","default_image_id":0,"font":"","enabled":false},"version":2}},"categories":[21,4],"tags":[22,615,113],"class_list":["post-74763","post","type-post","status-publish","format-standard","has-post-thumbnail","hentry","category-aguascalientes","category-gobierno-del-estado-aguascalientes","tag-aguascalientes","tag-gobierno-del-estado-de-aguascalientes","tag-idea"],"jetpack_publicize_connections":[],"jetpack_featured_media_url":"https:\/\/i0.wp.com\/informativoelvalledeaguascalientes.online\/wp-content\/uploads\/2025\/08\/f48dc0e4-853d-44c4-8603-a51e75bd6e3a.jpg?fit=1080%2C1350&ssl=1","jetpack-related-posts":[],"jetpack_sharing_enabled":true,"jetpack_likes_enabled":true,"_links":{"self":[{"href":"https:\/\/informativoelvalledeaguascalientes.online\/index.php?rest_route=\/wp\/v2\/posts\/74763","targetHints":{"allow":["GET"]}}],"collection":[{"href":"https:\/\/informativoelvalledeaguascalientes.online\/index.php?rest_route=\/wp\/v2\/posts"}],"about":[{"href":"https:\/\/informativoelvalledeaguascalientes.online\/index.php?rest_route=\/wp\/v2\/types\/post"}],"author":[{"embeddable":true,"href":"https:\/\/informativoelvalledeaguascalientes.online\/index.php?rest_route=\/wp\/v2\/users\/1"}],"replies":[{"embeddable":true,"href":"https:\/\/informativoelvalledeaguascalientes.online\/index.php?rest_route=%2Fwp%2Fv2%2Fcomments&post=74763"}],"version-history":[{"count":1,"href":"https:\/\/informativoelvalledeaguascalientes.online\/index.php?rest_route=\/wp\/v2\/posts\/74763\/revisions"}],"predecessor-version":[{"id":74765,"href":"https:\/\/informativoelvalledeaguascalientes.online\/index.php?rest_route=\/wp\/v2\/posts\/74763\/revisions\/74765"}],"wp:featuredmedia":[{"embeddable":true,"href":"https:\/\/informativoelvalledeaguascalientes.online\/index.php?rest_route=\/wp\/v2\/media\/74764"}],"wp:attachment":[{"href":"https:\/\/informativoelvalledeaguascalientes.online\/index.php?rest_route=%2Fwp%2Fv2%2Fmedia&parent=74763"}],"wp:term":[{"taxonomy":"category","embeddable":true,"href":"https:\/\/informativoelvalledeaguascalientes.online\/index.php?rest_route=%2Fwp%2Fv2%2Fcategories&post=74763"},{"taxonomy":"post_tag","embeddable":true,"href":"https:\/\/informativoelvalledeaguascalientes.online\/index.php?rest_route=%2Fwp%2Fv2%2Ftags&post=74763"}],"curies":[{"name":"wp","href":"https:\/\/api.w.org\/{rel}","templated":true}]}}