{"id":74747,"date":"2025-08-10T21:24:14","date_gmt":"2025-08-11T03:24:14","guid":{"rendered":"https:\/\/informativoelvalledeaguascalientes.online\/?p=74747"},"modified":"2025-08-10T21:24:14","modified_gmt":"2025-08-11T03:24:14","slug":"aguascalientes-se-consolida-como-polo-de-desarrollo-economico-al-crecer-al-doble-del-promedio-nacional","status":"publish","type":"post","link":"https:\/\/informativoelvalledeaguascalientes.online\/?p=74747","title":{"rendered":"AGUASCALIENTES SE CONSOLIDA COMO POLO DE DESARROLLO ECON\u00d3MICO AL CRECER AL DOBLE DEL PROMEDIO NACIONAL"},"content":{"rendered":"<p class=\"p1\">#informativoelvalledeaguascalientes<span class=\"Apple-converted-space\">\u00a0 <\/span>#novaradioaguascalientes #informativoelvalledeaguascalientesll #Aguascalientes<\/p>\n<p>&nbsp;<\/p>\n<p>&nbsp;<\/p>\n<p>* Este crecimiento fue impulsado principalmente por el comercio, los servicios y las actividades industriales<\/p>\n<p>&nbsp;<\/p>\n<p>Durante el primer trimestre del 2025, la econom\u00eda de Aguascalientes creci\u00f3 un 1.6 por ciento, el doble del promedio nacional, que fue apenas del 0.8 por ciento, de acuerdo a datos del Instituto Nacional de Estad\u00edstica y Geograf\u00eda (INEGI).<\/p>\n<p>Esa\u00fa Garza de Vega, secretario de Desarrollo Econ\u00f3mico, Ciencia y Tecnolog\u00eda (Sedecyt), se\u00f1al\u00f3 que este crecimiento fue impulsado principalmente por el comercio y los servicios, que aumentaron un 2.1 por ciento, y por las actividades industriales, que crecieron un 1.3 por ciento.<\/p>\n<p>Garza de Vega destac\u00f3 que estos resultados reflejan una reactivaci\u00f3n econ\u00f3mica positiva y reiter\u00f3 el compromiso de la administraci\u00f3n de la gobernadora Tere Jim\u00e9nez de seguir apoyando a las empresas locales, fomentar la inversi\u00f3n y generar m\u00e1s empleos formales para las familias de Aguascalientes.<\/p>\n","protected":false},"excerpt":{"rendered":"<p>#informativoelvalledeaguascalientes\u00a0 #novaradioaguascalientes #informativoelvalledeaguascalientesll #Aguascalientes &nbsp; &nbsp; * Este crecimiento fue impulsado principalmente por el comercio, los servicios y las actividades industriales &nbsp; Durante el primer trimestre del 2025, la econom\u00eda de Aguascalientes creci\u00f3 un 1.6 por ciento, el doble del promedio nacional, que fue apenas del 0.8 por ciento, de acuerdo a datos del Instituto [&hellip;]<\/p>\n","protected":false},"author":1,"featured_media":74748,"comment_status":"closed","ping_status":"open","sticky":false,"template":"","format":"standard","meta":{"advanced_seo_description":"","jetpack_seo_html_title":"","jetpack_seo_noindex":false,"_jetpack_memberships_contains_paid_content":false,"footnotes":"","jetpack_publicize_message":"","jetpack_publicize_feature_enabled":true,"jetpack_social_post_already_shared":true,"jetpack_social_options":{"image_generator_settings":{"template":"highway","default_image_id":0,"font":"","enabled":false},"version":2}},"categories":[21,4],"tags":[22,615,610],"class_list":["post-74747","post","type-post","status-publish","format-standard","has-post-thumbnail","hentry","category-aguascalientes","category-gobierno-del-estado-aguascalientes","tag-aguascalientes","tag-gobierno-del-estado-de-aguascalientes","tag-sedecyt"],"jetpack_publicize_connections":[],"jetpack_featured_media_url":"https:\/\/i0.wp.com\/informativoelvalledeaguascalientes.online\/wp-content\/uploads\/2025\/08\/ba948980-1b13-4c5a-8830-0260462255c1.jpg?fit=1600%2C1066&ssl=1","jetpack-related-posts":[],"jetpack_sharing_enabled":true,"jetpack_likes_enabled":true,"_links":{"self":[{"href":"https:\/\/informativoelvalledeaguascalientes.online\/index.php?rest_route=\/wp\/v2\/posts\/74747","targetHints":{"allow":["GET"]}}],"collection":[{"href":"https:\/\/informativoelvalledeaguascalientes.online\/index.php?rest_route=\/wp\/v2\/posts"}],"about":[{"href":"https:\/\/informativoelvalledeaguascalientes.online\/index.php?rest_route=\/wp\/v2\/types\/post"}],"author":[{"embeddable":true,"href":"https:\/\/informativoelvalledeaguascalientes.online\/index.php?rest_route=\/wp\/v2\/users\/1"}],"replies":[{"embeddable":true,"href":"https:\/\/informativoelvalledeaguascalientes.online\/index.php?rest_route=%2Fwp%2Fv2%2Fcomments&post=74747"}],"version-history":[{"count":1,"href":"https:\/\/informativoelvalledeaguascalientes.online\/index.php?rest_route=\/wp\/v2\/posts\/74747\/revisions"}],"predecessor-version":[{"id":74749,"href":"https:\/\/informativoelvalledeaguascalientes.online\/index.php?rest_route=\/wp\/v2\/posts\/74747\/revisions\/74749"}],"wp:featuredmedia":[{"embeddable":true,"href":"https:\/\/informativoelvalledeaguascalientes.online\/index.php?rest_route=\/wp\/v2\/media\/74748"}],"wp:attachment":[{"href":"https:\/\/informativoelvalledeaguascalientes.online\/index.php?rest_route=%2Fwp%2Fv2%2Fmedia&parent=74747"}],"wp:term":[{"taxonomy":"category","embeddable":true,"href":"https:\/\/informativoelvalledeaguascalientes.online\/index.php?rest_route=%2Fwp%2Fv2%2Fcategories&post=74747"},{"taxonomy":"post_tag","embeddable":true,"href":"https:\/\/informativoelvalledeaguascalientes.online\/index.php?rest_route=%2Fwp%2Fv2%2Ftags&post=74747"}],"curies":[{"name":"wp","href":"https:\/\/api.w.org\/{rel}","templated":true}]}}