{"id":74744,"date":"2025-08-10T21:20:27","date_gmt":"2025-08-11T03:20:27","guid":{"rendered":"https:\/\/informativoelvalledeaguascalientes.online\/?p=74744"},"modified":"2025-08-10T21:20:27","modified_gmt":"2025-08-11T03:20:27","slug":"hidrocalidas-rumbo-a-los-panamericanos-junior-de-handball-2025","status":"publish","type":"post","link":"https:\/\/informativoelvalledeaguascalientes.online\/?p=74744","title":{"rendered":"HIDROC\u00c1LIDAS RUMBO A LOS PANAMERICANOS JUNIOR DE HANDBALL 2025"},"content":{"rendered":"<p class=\"p1\">#informativoelvalledeaguascalientes<span class=\"Apple-converted-space\">\u00a0 <\/span>#novaradioaguascalientes #informativoelvalledeaguascalientesll #Aguascalientes<\/p>\n<p>&nbsp;<\/p>\n<p>&nbsp;<\/p>\n<p>Dos atletas de Aguascalientes han sido convocadas para integrar la selecci\u00f3n mexicana de handball que competir\u00e1 en los Juegos Panamericanos Junior Asunci\u00f3n 2025, a celebrarse a partir del 15 de agosto.<\/p>\n<p>Las jugadoras Mar\u00eda Esther Aguilera Aguayo y Brenda Am\u00e9rica Rodr\u00edguez Mart\u00ednez representar\u00e1n a M\u00e9xico en esta importante justa internacional, resultado de su esfuerzo, compromiso, constancia y dedicaci\u00f3n.<\/p>\n<p>Estamos seguros de que pondr\u00e1n en alto el nombre de nuestro pa\u00eds.<\/p>\n<p>Calendario de juegos \u2013 Fase de grupos:<\/p>\n<p>10 de agosto<br \/>\n\ud83c\uddf2\ud83c\uddfd M\u00e9xico vs. Brasil \ud83c\udde7\ud83c\uddf7<br \/>\n\u23f0 9:00 a. m. (Paraguay) \/ 6:00 a. m. (M\u00e9xico)<br \/>\n11 de agosto<br \/>\n\ud83c\uddf2\ud83c\uddfd M\u00e9xico vs. Argentina \ud83c\udde6\ud83c\uddf7<br \/>\n\u23f0 11:30 a. m. (Paraguay) \/ 8:30 a. m. (M\u00e9xico)<br \/>\n12 de agosto<br \/>\n\ud83c\uddf2\ud83c\uddfd M\u00e9xico vs. Cuba \ud83c\udde8\ud83c\uddfa<br \/>\n\u23f0 9:00 a. m. (Paraguay) \/ 6:00 a. m. (M\u00e9xico)<\/p>\n","protected":false},"excerpt":{"rendered":"<p>#informativoelvalledeaguascalientes\u00a0 #novaradioaguascalientes #informativoelvalledeaguascalientesll #Aguascalientes &nbsp; &nbsp; Dos atletas de Aguascalientes han sido convocadas para integrar la selecci\u00f3n mexicana de handball que competir\u00e1 en los Juegos Panamericanos Junior Asunci\u00f3n 2025, a celebrarse a partir del 15 de agosto. Las jugadoras Mar\u00eda Esther Aguilera Aguayo y Brenda Am\u00e9rica Rodr\u00edguez Mart\u00ednez representar\u00e1n a M\u00e9xico en esta importante justa [&hellip;]<\/p>\n","protected":false},"author":1,"featured_media":74745,"comment_status":"closed","ping_status":"open","sticky":false,"template":"","format":"standard","meta":{"advanced_seo_description":"","jetpack_seo_html_title":"","jetpack_seo_noindex":false,"_jetpack_memberships_contains_paid_content":false,"footnotes":"","jetpack_publicize_message":"","jetpack_publicize_feature_enabled":true,"jetpack_social_post_already_shared":true,"jetpack_social_options":{"image_generator_settings":{"template":"highway","default_image_id":0,"font":"","enabled":false},"version":2}},"categories":[21,4],"tags":[22,615,113],"class_list":["post-74744","post","type-post","status-publish","format-standard","has-post-thumbnail","hentry","category-aguascalientes","category-gobierno-del-estado-aguascalientes","tag-aguascalientes","tag-gobierno-del-estado-de-aguascalientes","tag-idea"],"jetpack_publicize_connections":[],"jetpack_featured_media_url":"https:\/\/i0.wp.com\/informativoelvalledeaguascalientes.online\/wp-content\/uploads\/2025\/08\/573b727a-fbdf-4c9b-ab6b-3a334e36b97b.jpg?fit=977%2C956&ssl=1","jetpack-related-posts":[],"jetpack_sharing_enabled":true,"jetpack_likes_enabled":true,"_links":{"self":[{"href":"https:\/\/informativoelvalledeaguascalientes.online\/index.php?rest_route=\/wp\/v2\/posts\/74744","targetHints":{"allow":["GET"]}}],"collection":[{"href":"https:\/\/informativoelvalledeaguascalientes.online\/index.php?rest_route=\/wp\/v2\/posts"}],"about":[{"href":"https:\/\/informativoelvalledeaguascalientes.online\/index.php?rest_route=\/wp\/v2\/types\/post"}],"author":[{"embeddable":true,"href":"https:\/\/informativoelvalledeaguascalientes.online\/index.php?rest_route=\/wp\/v2\/users\/1"}],"replies":[{"embeddable":true,"href":"https:\/\/informativoelvalledeaguascalientes.online\/index.php?rest_route=%2Fwp%2Fv2%2Fcomments&post=74744"}],"version-history":[{"count":1,"href":"https:\/\/informativoelvalledeaguascalientes.online\/index.php?rest_route=\/wp\/v2\/posts\/74744\/revisions"}],"predecessor-version":[{"id":74746,"href":"https:\/\/informativoelvalledeaguascalientes.online\/index.php?rest_route=\/wp\/v2\/posts\/74744\/revisions\/74746"}],"wp:featuredmedia":[{"embeddable":true,"href":"https:\/\/informativoelvalledeaguascalientes.online\/index.php?rest_route=\/wp\/v2\/media\/74745"}],"wp:attachment":[{"href":"https:\/\/informativoelvalledeaguascalientes.online\/index.php?rest_route=%2Fwp%2Fv2%2Fmedia&parent=74744"}],"wp:term":[{"taxonomy":"category","embeddable":true,"href":"https:\/\/informativoelvalledeaguascalientes.online\/index.php?rest_route=%2Fwp%2Fv2%2Fcategories&post=74744"},{"taxonomy":"post_tag","embeddable":true,"href":"https:\/\/informativoelvalledeaguascalientes.online\/index.php?rest_route=%2Fwp%2Fv2%2Ftags&post=74744"}],"curies":[{"name":"wp","href":"https:\/\/api.w.org\/{rel}","templated":true}]}}