{"id":74733,"date":"2025-08-10T21:04:02","date_gmt":"2025-08-11T03:04:02","guid":{"rendered":"https:\/\/informativoelvalledeaguascalientes.online\/?p=74733"},"modified":"2025-08-10T21:04:02","modified_gmt":"2025-08-11T03:04:02","slug":"tere-jimenez-pone-en-marcha-la-primera-caravana-de-la-salud-del-seguro-popular-aguascalientes","status":"publish","type":"post","link":"https:\/\/informativoelvalledeaguascalientes.online\/?p=74733","title":{"rendered":"TERE JIM\u00c9NEZ PONE EN MARCHA LA PRIMERA CARAVANA DE LA SALUD DEL SEGURO POPULAR AGUASCALIENTES"},"content":{"rendered":"<p class=\"p1\">#informativoelvalledeaguascalientes<span class=\"Apple-converted-space\">\u00a0 <\/span>#novaradioaguascalientes #informativoelvalledeaguascalientesll #Aguascalientes<\/p>\n<p>&nbsp;<\/p>\n<p>&nbsp;<\/p>\n<p>* Vamos a seguir haciendo equipo para lograr el mejor sistema de salud: TJ<br \/>\n* En Norias de Paso Hondo, se brindaron consultas m\u00e9dicas, dentales y de optometr\u00eda, detecci\u00f3n oportuna de c\u00e1ncer de mama, vacunaci\u00f3n, entre otros<br \/>\n* Gracias al Seguro Popular Aguascalientes, las familias sin seguridad social tienen acceso a atenci\u00f3n m\u00e9dica de calidad<\/p>\n<p>&nbsp;<\/p>\n<p>En Norias de Paso Hondo, en el oriente de la capital, la gobernadora Tere Jim\u00e9nez puso en marcha la Primera Caravana de la Salud del Seguro Popular Aguascalientes, una estrategia que busca acercar atenci\u00f3n m\u00e9dica gratuita a la poblaci\u00f3n sin seguridad social, adem\u00e1s de dar a conocer los servicios que ofrece este esquema de salud.<\/p>\n<p>\u201cEstamos trabajando para que todas las ni\u00f1as, ni\u00f1os y familias sin acceso al IMSS ni al ISSSTE, puedan incorporarse al Seguro Popular Aguascalientes. Vamos a seguir haciendo equipo para lograr el mejor sistema estatal de salud\u201d, resalt\u00f3 la gobernadora.<\/p>\n<p>En el lugar, se instalaron Unidades M\u00e9dicas M\u00f3viles y m\u00f3dulos de los diversos hospitales p\u00fablicos, donde las y los asistentes recibieron de forma gratuita atenci\u00f3n de primer nivel, con servicios como consultas m\u00e9dicas, dentales y de optometr\u00eda; detecci\u00f3n de enfermedades cr\u00f3nico-degenerativas; detecci\u00f3n oportuna de c\u00e1ncer de mama; vacunaci\u00f3n, entre otros.<\/p>\n<p>El secretario de Salud del Estado, Rub\u00e9n Galaviz Trist\u00e1n, reconoci\u00f3 el compromiso de la gobernadora Tere Jim\u00e9nez con la salud y su impulso para fortalecer la atenci\u00f3n m\u00e9dica.<\/p>\n<p>\u201cQueremos que toda la gente de Norias y de todas las comunidades se sienta atendida; todos los servicios m\u00e9dicos que traemos son sin costo. Gracias al Seguro Popular Aguascalientes, ustedes van a tener una atenci\u00f3n de muy buena calidad cuando se requiera\u201d, resalt\u00f3 Galaviz Trist\u00e1n.<\/p>\n<p>Ra\u00fal Aguilera Riestra, director de la Jurisdicci\u00f3n Sanitaria No. I, detall\u00f3 que en la estrategia que hoy inici\u00f3, participan Casas de Salud, Centros de Salud, personal de los diferentes programas y directores de hospitales generales.<\/p>\n<p>\u201cLa gobernadora y nuestro secretario de Salud nos han encargado llevar este tipo de jornadas para acercar los servicios a todos y cada uno de los rincones de este bonito estado de Aguascalientes\u201d, mencion\u00f3 Aguilera Riestra.<\/p>\n<p>A nombre de las y los beneficiarios, Mar\u00eda Ruvalcaba agradeci\u00f3 a la gobernadora por el apoyo constante. \u201cDe coraz\u00f3n, gracias por estos apoyos que nos benefician a todos\u201d, finaliz\u00f3.<\/p>\n<p>Cabe destacar que en la Caravana de Salud hubo m\u00f3dulos del Hospital Tercer Milenio, Hospital de la Mujer, Centro Estatal de Transfusi\u00f3n Sangu\u00ednea, Hospital de Psiquiatr\u00eda, Centro Estatal de Atenci\u00f3n para Labio y Paladar Hendido, Unidades M\u00e9dicas M\u00f3viles, entre otros.<\/p>\n<p>En el evento, tambi\u00e9n estuvieron presentes Alma Hilda Medina Mac\u00edas, diputada local; Mar\u00eda Alejandra Bel\u00edn Delgado, directora normativa de Enfermer\u00eda del Instituto de Servicios de Salud del Estado de Aguascalientes (ISSEA), y Antonio Abad Mena, titular del Instituto de Beneficencia P\u00fablica del Estado de Aguascalientes.<\/p>\n","protected":false},"excerpt":{"rendered":"<p>#informativoelvalledeaguascalientes\u00a0 #novaradioaguascalientes #informativoelvalledeaguascalientesll #Aguascalientes &nbsp; &nbsp; * Vamos a seguir haciendo equipo para lograr el mejor sistema de salud: TJ * En Norias de Paso Hondo, se brindaron consultas m\u00e9dicas, dentales y de optometr\u00eda, detecci\u00f3n oportuna de c\u00e1ncer de mama, vacunaci\u00f3n, entre otros * Gracias al Seguro Popular Aguascalientes, las familias sin seguridad social tienen [&hellip;]<\/p>\n","protected":false},"author":1,"featured_media":74734,"comment_status":"closed","ping_status":"open","sticky":false,"template":"","format":"standard","meta":{"advanced_seo_description":"","jetpack_seo_html_title":"","jetpack_seo_noindex":false,"_jetpack_memberships_contains_paid_content":false,"footnotes":"","jetpack_publicize_message":"","jetpack_publicize_feature_enabled":true,"jetpack_social_post_already_shared":true,"jetpack_social_options":{"image_generator_settings":{"template":"highway","default_image_id":0,"font":"","enabled":false},"version":2}},"categories":[21,4],"tags":[22,615,30,320],"class_list":["post-74733","post","type-post","status-publish","format-standard","has-post-thumbnail","hentry","category-aguascalientes","category-gobierno-del-estado-aguascalientes","tag-aguascalientes","tag-gobierno-del-estado-de-aguascalientes","tag-issea","tag-tere-jimenez"],"jetpack_publicize_connections":[],"jetpack_featured_media_url":"https:\/\/i0.wp.com\/informativoelvalledeaguascalientes.online\/wp-content\/uploads\/2025\/08\/b8d642ca-28a4-4056-b992-ba58f5086120.jpg?fit=1280%2C875&ssl=1","jetpack-related-posts":[],"jetpack_sharing_enabled":true,"jetpack_likes_enabled":true,"_links":{"self":[{"href":"https:\/\/informativoelvalledeaguascalientes.online\/index.php?rest_route=\/wp\/v2\/posts\/74733","targetHints":{"allow":["GET"]}}],"collection":[{"href":"https:\/\/informativoelvalledeaguascalientes.online\/index.php?rest_route=\/wp\/v2\/posts"}],"about":[{"href":"https:\/\/informativoelvalledeaguascalientes.online\/index.php?rest_route=\/wp\/v2\/types\/post"}],"author":[{"embeddable":true,"href":"https:\/\/informativoelvalledeaguascalientes.online\/index.php?rest_route=\/wp\/v2\/users\/1"}],"replies":[{"embeddable":true,"href":"https:\/\/informativoelvalledeaguascalientes.online\/index.php?rest_route=%2Fwp%2Fv2%2Fcomments&post=74733"}],"version-history":[{"count":1,"href":"https:\/\/informativoelvalledeaguascalientes.online\/index.php?rest_route=\/wp\/v2\/posts\/74733\/revisions"}],"predecessor-version":[{"id":74735,"href":"https:\/\/informativoelvalledeaguascalientes.online\/index.php?rest_route=\/wp\/v2\/posts\/74733\/revisions\/74735"}],"wp:featuredmedia":[{"embeddable":true,"href":"https:\/\/informativoelvalledeaguascalientes.online\/index.php?rest_route=\/wp\/v2\/media\/74734"}],"wp:attachment":[{"href":"https:\/\/informativoelvalledeaguascalientes.online\/index.php?rest_route=%2Fwp%2Fv2%2Fmedia&parent=74733"}],"wp:term":[{"taxonomy":"category","embeddable":true,"href":"https:\/\/informativoelvalledeaguascalientes.online\/index.php?rest_route=%2Fwp%2Fv2%2Fcategories&post=74733"},{"taxonomy":"post_tag","embeddable":true,"href":"https:\/\/informativoelvalledeaguascalientes.online\/index.php?rest_route=%2Fwp%2Fv2%2Ftags&post=74733"}],"curies":[{"name":"wp","href":"https:\/\/api.w.org\/{rel}","templated":true}]}}