{"id":74544,"date":"2025-08-06T17:27:50","date_gmt":"2025-08-06T23:27:50","guid":{"rendered":"https:\/\/informativoelvalledeaguascalientes.online\/?p=74544"},"modified":"2025-08-06T17:27:50","modified_gmt":"2025-08-06T23:27:50","slug":"tere-jimenez-fortalece-colaboracion-con-empresarios-para-reforzar-seguridad-en-zonas-comerciales","status":"publish","type":"post","link":"https:\/\/informativoelvalledeaguascalientes.online\/?p=74544","title":{"rendered":"TERE JIM\u00c9NEZ FORTALECE COLABORACI\u00d3N CON EMPRESARIOS PARA REFORZAR SEGURIDAD EN ZONAS COMERCIALES"},"content":{"rendered":"<p class=\"p1\">#informativoelvalledeaguascalientes<span class=\"Apple-converted-space\">\u00a0 <\/span>#novaradioaguascalientes #informativoelvalledeaguascalientesll #Aguascalientes<\/p>\n<p>&nbsp;<\/p>\n<p>&nbsp;<\/p>\n<p>La gobernadora de Aguascalientes, Tere Jim\u00e9nez, encabez\u00f3 una reuni\u00f3n de trabajo con dirigentes y empresarios de la C\u00e1mara Nacional de Comercio, Servicios y Turismo de Aguascalientes (CANACO), para analizar estrategias que refuercen la seguridad en las zonas comerciales.<\/p>\n<p>Durante la reuni\u00f3n, Tere Jim\u00e9nez reiter\u00f3 su compromiso de continuar fortaleciendo la colaboraci\u00f3n y comunicaci\u00f3n entre las corporaciones de seguridad y el sector empresarial, con el objetivo de atender de manera directa y oportuna sus necesidades.<\/p>\n<p>El secretario de Seguridad P\u00fablica del Estado (SSPE), Antonio Mart\u00ednez Romo, adelant\u00f3 que se fortalecer\u00e1 la vigilancia en las zonas de mayor dinamismo comercial, en respuesta a los planteamientos realizados por los empresarios.<\/p>\n<p>De igual forma, subray\u00f3 que se atienden todos los reportes recibidos a trav\u00e9s del n\u00famero de emergencias 911, canalizados mediante el C5i.<\/p>\n<p>Por su parte, Maricela de los Dolores Acosta Herrera, presidenta de la CANACO, reconoci\u00f3 el compromiso y esfuerzo constante que llevan a cabo las diversas corporaciones federales, estatales y municipales para garantizar la seguridad y el bienestar de la comunidad empresarial.<\/p>\n<p>Finalmente, dijo que cada vez que se ha solicitado el apoyo de las diferentes corporaciones de seguridad, estas han respondido de inmediato, lo que ha permitido brindar una mayor tranquilidad.<\/p>\n","protected":false},"excerpt":{"rendered":"<p>#informativoelvalledeaguascalientes\u00a0 #novaradioaguascalientes #informativoelvalledeaguascalientesll #Aguascalientes &nbsp; &nbsp; La gobernadora de Aguascalientes, Tere Jim\u00e9nez, encabez\u00f3 una reuni\u00f3n de trabajo con dirigentes y empresarios de la C\u00e1mara Nacional de Comercio, Servicios y Turismo de Aguascalientes (CANACO), para analizar estrategias que refuercen la seguridad en las zonas comerciales. Durante la reuni\u00f3n, Tere Jim\u00e9nez reiter\u00f3 su compromiso de continuar fortaleciendo [&hellip;]<\/p>\n","protected":false},"author":1,"featured_media":74545,"comment_status":"closed","ping_status":"open","sticky":false,"template":"","format":"standard","meta":{"advanced_seo_description":"","jetpack_seo_html_title":"","jetpack_seo_noindex":false,"_jetpack_memberships_contains_paid_content":false,"footnotes":"","jetpack_publicize_message":"","jetpack_publicize_feature_enabled":true,"jetpack_social_post_already_shared":true,"jetpack_social_options":{"image_generator_settings":{"template":"highway","default_image_id":0,"font":"","enabled":false},"version":2}},"categories":[21,4],"tags":[22,615,320],"class_list":["post-74544","post","type-post","status-publish","format-standard","has-post-thumbnail","hentry","category-aguascalientes","category-gobierno-del-estado-aguascalientes","tag-aguascalientes","tag-gobierno-del-estado-de-aguascalientes","tag-tere-jimenez"],"jetpack_publicize_connections":[],"jetpack_featured_media_url":"https:\/\/i0.wp.com\/informativoelvalledeaguascalientes.online\/wp-content\/uploads\/2025\/08\/18b7bc34-0e7e-42d0-b8ef-228cd7ce0967.jpg?fit=1545%2C1030&ssl=1","jetpack-related-posts":[],"jetpack_sharing_enabled":true,"jetpack_likes_enabled":true,"_links":{"self":[{"href":"https:\/\/informativoelvalledeaguascalientes.online\/index.php?rest_route=\/wp\/v2\/posts\/74544","targetHints":{"allow":["GET"]}}],"collection":[{"href":"https:\/\/informativoelvalledeaguascalientes.online\/index.php?rest_route=\/wp\/v2\/posts"}],"about":[{"href":"https:\/\/informativoelvalledeaguascalientes.online\/index.php?rest_route=\/wp\/v2\/types\/post"}],"author":[{"embeddable":true,"href":"https:\/\/informativoelvalledeaguascalientes.online\/index.php?rest_route=\/wp\/v2\/users\/1"}],"replies":[{"embeddable":true,"href":"https:\/\/informativoelvalledeaguascalientes.online\/index.php?rest_route=%2Fwp%2Fv2%2Fcomments&post=74544"}],"version-history":[{"count":1,"href":"https:\/\/informativoelvalledeaguascalientes.online\/index.php?rest_route=\/wp\/v2\/posts\/74544\/revisions"}],"predecessor-version":[{"id":74546,"href":"https:\/\/informativoelvalledeaguascalientes.online\/index.php?rest_route=\/wp\/v2\/posts\/74544\/revisions\/74546"}],"wp:featuredmedia":[{"embeddable":true,"href":"https:\/\/informativoelvalledeaguascalientes.online\/index.php?rest_route=\/wp\/v2\/media\/74545"}],"wp:attachment":[{"href":"https:\/\/informativoelvalledeaguascalientes.online\/index.php?rest_route=%2Fwp%2Fv2%2Fmedia&parent=74544"}],"wp:term":[{"taxonomy":"category","embeddable":true,"href":"https:\/\/informativoelvalledeaguascalientes.online\/index.php?rest_route=%2Fwp%2Fv2%2Fcategories&post=74544"},{"taxonomy":"post_tag","embeddable":true,"href":"https:\/\/informativoelvalledeaguascalientes.online\/index.php?rest_route=%2Fwp%2Fv2%2Ftags&post=74544"}],"curies":[{"name":"wp","href":"https:\/\/api.w.org\/{rel}","templated":true}]}}