{"id":74512,"date":"2025-08-05T23:48:36","date_gmt":"2025-08-06T05:48:36","guid":{"rendered":"https:\/\/informativoelvalledeaguascalientes.online\/?p=74512"},"modified":"2025-08-05T23:48:36","modified_gmt":"2025-08-06T05:48:36","slug":"entrega-cesar-medina-uniformes-al-personal-de-proteccion-civil-y-reconoce-su-entrega-y-compromiso","status":"publish","type":"post","link":"https:\/\/informativoelvalledeaguascalientes.online\/?p=74512","title":{"rendered":"ENTREGA C\u00c9SAR MEDINA UNIFORMES AL PERSONAL DE PROTECCI\u00d3N CIVIL Y RECONOCE SU ENTREGA Y COMPROMISO"},"content":{"rendered":"<p class=\"p1\">#informativoelvalledeaguascalientes<span class=\"Apple-converted-space\">\u00a0 <\/span>#novaradioaguascalientes #informativoelvalledeaguascalientesll #Aguascalientes<\/p>\n<p>&nbsp;<\/p>\n<p>&nbsp;<\/p>\n<p>Con el objetivo de fortalecer su labor y garantizar una mejor atenci\u00f3n a la ciudadan\u00eda ante cualquier eventualidad, el presidente municipal de Jes\u00fas Mar\u00eda, C\u00e9sar Medina, realiz\u00f3 la entrega de uniformes completos al personal de Protecci\u00f3n Civil Municipal.<\/p>\n<p>En total, se dot\u00f3 con 20 paquetes con la indumentaria oficial que incluyen playera, pantal\u00f3n, dos pares de botas, gorra para protecci\u00f3n solar, impermeable, radios de comunicaci\u00f3n y p\u00e9rtigas, herramientas fundamentales para operaciones de rescate y apoyo a los elementos operativos, quienes ahora cuentan con el equipamiento necesario para desempe\u00f1ar sus funciones de manera m\u00e1s segura y eficiente.<\/p>\n<p>El alcalde reconoci\u00f3 y agradeci\u00f3 profundamente el compromiso, la entrega y la disposici\u00f3n del equipo de Protecci\u00f3n Civil, especialmente por su destacada labor durante la Feria de los Chicahuales 2025, en donde jugaron un papel fundamental en la salvaguarda de los miles de asistentes.<\/p>\n<p>\u201cEl trabajo que realizan es invaluable. Con esta entrega buscamos que cuenten con mejores condiciones para seguir protegiendo a la ciudadan\u00eda y eficientar el tiempo de respuesta, gracias por estar siempre presentes, sobre todo en momentos clave como lo fue la feria\u201d, dijo C\u00e9sar Medina.<\/p>\n","protected":false},"excerpt":{"rendered":"<p>#informativoelvalledeaguascalientes\u00a0 #novaradioaguascalientes #informativoelvalledeaguascalientesll #Aguascalientes &nbsp; &nbsp; Con el objetivo de fortalecer su labor y garantizar una mejor atenci\u00f3n a la ciudadan\u00eda ante cualquier eventualidad, el presidente municipal de Jes\u00fas Mar\u00eda, C\u00e9sar Medina, realiz\u00f3 la entrega de uniformes completos al personal de Protecci\u00f3n Civil Municipal. En total, se dot\u00f3 con 20 paquetes con la indumentaria oficial [&hellip;]<\/p>\n","protected":false},"author":1,"featured_media":74513,"comment_status":"closed","ping_status":"open","sticky":false,"template":"","format":"standard","meta":{"advanced_seo_description":"","jetpack_seo_html_title":"","jetpack_seo_noindex":false,"_jetpack_memberships_contains_paid_content":false,"footnotes":"","jetpack_publicize_message":"","jetpack_publicize_feature_enabled":true,"jetpack_social_post_already_shared":true,"jetpack_social_options":{"image_generator_settings":{"template":"highway","default_image_id":0,"font":"","enabled":false},"version":2}},"categories":[21,14],"tags":[22,45],"class_list":["post-74512","post","type-post","status-publish","format-standard","has-post-thumbnail","hentry","category-aguascalientes","category-jesus-maria-aguascalientes","tag-aguascalientes","tag-jesus-maria-aguascalientes"],"jetpack_publicize_connections":[],"jetpack_featured_media_url":"https:\/\/i0.wp.com\/informativoelvalledeaguascalientes.online\/wp-content\/uploads\/2025\/08\/652a82b7-004f-496e-9f02-392aff073f6f-scaled.jpg?fit=2560%2C1707&ssl=1","jetpack-related-posts":[],"jetpack_sharing_enabled":true,"jetpack_likes_enabled":true,"_links":{"self":[{"href":"https:\/\/informativoelvalledeaguascalientes.online\/index.php?rest_route=\/wp\/v2\/posts\/74512","targetHints":{"allow":["GET"]}}],"collection":[{"href":"https:\/\/informativoelvalledeaguascalientes.online\/index.php?rest_route=\/wp\/v2\/posts"}],"about":[{"href":"https:\/\/informativoelvalledeaguascalientes.online\/index.php?rest_route=\/wp\/v2\/types\/post"}],"author":[{"embeddable":true,"href":"https:\/\/informativoelvalledeaguascalientes.online\/index.php?rest_route=\/wp\/v2\/users\/1"}],"replies":[{"embeddable":true,"href":"https:\/\/informativoelvalledeaguascalientes.online\/index.php?rest_route=%2Fwp%2Fv2%2Fcomments&post=74512"}],"version-history":[{"count":1,"href":"https:\/\/informativoelvalledeaguascalientes.online\/index.php?rest_route=\/wp\/v2\/posts\/74512\/revisions"}],"predecessor-version":[{"id":74514,"href":"https:\/\/informativoelvalledeaguascalientes.online\/index.php?rest_route=\/wp\/v2\/posts\/74512\/revisions\/74514"}],"wp:featuredmedia":[{"embeddable":true,"href":"https:\/\/informativoelvalledeaguascalientes.online\/index.php?rest_route=\/wp\/v2\/media\/74513"}],"wp:attachment":[{"href":"https:\/\/informativoelvalledeaguascalientes.online\/index.php?rest_route=%2Fwp%2Fv2%2Fmedia&parent=74512"}],"wp:term":[{"taxonomy":"category","embeddable":true,"href":"https:\/\/informativoelvalledeaguascalientes.online\/index.php?rest_route=%2Fwp%2Fv2%2Fcategories&post=74512"},{"taxonomy":"post_tag","embeddable":true,"href":"https:\/\/informativoelvalledeaguascalientes.online\/index.php?rest_route=%2Fwp%2Fv2%2Ftags&post=74512"}],"curies":[{"name":"wp","href":"https:\/\/api.w.org\/{rel}","templated":true}]}}