{"id":74106,"date":"2025-07-28T14:19:52","date_gmt":"2025-07-28T20:19:52","guid":{"rendered":"https:\/\/informativoelvalledeaguascalientes.online\/?p=74106"},"modified":"2025-07-28T14:19:52","modified_gmt":"2025-07-28T20:19:52","slug":"arranca-obra-clave-para-vecinos-de-corral-de-barrancos-en-jesus-maria","status":"publish","type":"post","link":"https:\/\/informativoelvalledeaguascalientes.online\/?p=74106","title":{"rendered":"ARRANCA OBRA CLAVE PARA VECINOS DE CORRAL DE BARRANCOS EN JES\u00daS MAR\u00cdA"},"content":{"rendered":"<p class=\"p1\">#informativoelvalledeaguascalientes<span class=\"Apple-converted-space\">\u00a0 <\/span>#novaradioaguascalientes #informativoelvalledeaguascalientesll #Aguascalientes<\/p>\n<p>&nbsp;<\/p>\n<p>&nbsp;<\/p>\n<p>\u2022 Esta obra contempla una inversi\u00f3n de 1 mill\u00f3n 800 mil pesos en una primera etapa<br \/>\n\u2022 La calle Justo Sierra es una vialidad clave para la conectividad<\/p>\n<p>&nbsp;<\/p>\n<p>Con una inversi\u00f3n inicial de 1 mill\u00f3n 800 mil pesos, el presidente municipal de Jes\u00fas Mar\u00eda, C\u00e9sar Medina dio el banderazo de arranque a la primera etapa de rehabilitaci\u00f3n de la calle Justo Sierra, una importante arteria vial que beneficiar\u00e1 directamente a los habitantes de Corral de Barrancos y zonas aleda\u00f1as, al ser una v\u00eda de alta circulaci\u00f3n y conexi\u00f3n estrat\u00e9gica.<\/p>\n<p>El alcalde inform\u00f3 que este proyecto forma parte de plan de infraestructura que contempla una inversi\u00f3n de 120 millones de pesos en obra p\u00fablica durante este a\u00f1o e indic\u00f3 que esta calle conecta desde Siglo XXI a varias arterias y es clave para la movilidad de los vecinos de la zona, por lo cual se decidi\u00f3 darle prioridad.<\/p>\n<p>\u201cEsta calle no solo conecta puntos importantes, conecta historias, familias, oportunidades. Hoy, con esta obra, empezamos a escribir un nuevo cap\u00edtulo para Corral de Barrancos y para todo Jes\u00fas Mar\u00eda\u201d, expres\u00f3 el alcalde, quien record\u00f3 que durante su campa\u00f1a recogi\u00f3 m\u00faltiples peticiones que hoy comienzan a hacerse realidad.<\/p>\n<p>En su intervenci\u00f3n, el secretario de Obras P\u00fablicas, Carlos Humberto Rodr\u00edguez Collazo, indic\u00f3 que, en su primera etapa, esta obra en la calle Justo Sierra, contempla una inversi\u00f3n de 1 mill\u00f3n 800 mil pesos para intervenir 165 metros lineales, con trabajos que incluyen guarniciones, banquetas y pavimentaci\u00f3n con concreto hidr\u00e1ulico, un material altamente resistente que garantiza al menos 30 a\u00f1os de vida \u00fatil.<\/p>\n<p>En el evento tambi\u00e9n estuvieron presentes: la encargada de despacho del H. Ayuntamiento, Pilar de Lira; La presidenta del Sistema DIF Municipal, Silvia de la Cruz; la reina de la feria de los Chicahuales, Helenia I, as\u00ed como regidores y dem\u00e1s autoridades municipales, quienes, junto con vecinos beneficiados, dieron el banderazo que marca el inicio de un verdadero cambio para esta zona del municipio.<\/p>\n","protected":false},"excerpt":{"rendered":"<p>#informativoelvalledeaguascalientes\u00a0 #novaradioaguascalientes #informativoelvalledeaguascalientesll #Aguascalientes &nbsp; &nbsp; \u2022 Esta obra contempla una inversi\u00f3n de 1 mill\u00f3n 800 mil pesos en una primera etapa \u2022 La calle Justo Sierra es una vialidad clave para la conectividad &nbsp; Con una inversi\u00f3n inicial de 1 mill\u00f3n 800 mil pesos, el presidente municipal de Jes\u00fas Mar\u00eda, C\u00e9sar Medina dio el [&hellip;]<\/p>\n","protected":false},"author":1,"featured_media":74107,"comment_status":"closed","ping_status":"open","sticky":false,"template":"","format":"standard","meta":{"advanced_seo_description":"","jetpack_seo_html_title":"","jetpack_seo_noindex":false,"_jetpack_memberships_contains_paid_content":false,"footnotes":"","jetpack_publicize_message":"","jetpack_publicize_feature_enabled":true,"jetpack_social_post_already_shared":true,"jetpack_social_options":{"image_generator_settings":{"template":"highway","default_image_id":0,"font":"","enabled":false},"version":2}},"categories":[21,14],"tags":[22,45],"class_list":["post-74106","post","type-post","status-publish","format-standard","has-post-thumbnail","hentry","category-aguascalientes","category-jesus-maria-aguascalientes","tag-aguascalientes","tag-jesus-maria-aguascalientes"],"jetpack_publicize_connections":[],"jetpack_featured_media_url":"https:\/\/i0.wp.com\/informativoelvalledeaguascalientes.online\/wp-content\/uploads\/2025\/07\/3db7ede9-f6b5-4806-a937-3d3f7e220f13-scaled.jpeg?fit=2560%2C1706&ssl=1","jetpack-related-posts":[],"jetpack_sharing_enabled":true,"jetpack_likes_enabled":true,"_links":{"self":[{"href":"https:\/\/informativoelvalledeaguascalientes.online\/index.php?rest_route=\/wp\/v2\/posts\/74106","targetHints":{"allow":["GET"]}}],"collection":[{"href":"https:\/\/informativoelvalledeaguascalientes.online\/index.php?rest_route=\/wp\/v2\/posts"}],"about":[{"href":"https:\/\/informativoelvalledeaguascalientes.online\/index.php?rest_route=\/wp\/v2\/types\/post"}],"author":[{"embeddable":true,"href":"https:\/\/informativoelvalledeaguascalientes.online\/index.php?rest_route=\/wp\/v2\/users\/1"}],"replies":[{"embeddable":true,"href":"https:\/\/informativoelvalledeaguascalientes.online\/index.php?rest_route=%2Fwp%2Fv2%2Fcomments&post=74106"}],"version-history":[{"count":1,"href":"https:\/\/informativoelvalledeaguascalientes.online\/index.php?rest_route=\/wp\/v2\/posts\/74106\/revisions"}],"predecessor-version":[{"id":74108,"href":"https:\/\/informativoelvalledeaguascalientes.online\/index.php?rest_route=\/wp\/v2\/posts\/74106\/revisions\/74108"}],"wp:featuredmedia":[{"embeddable":true,"href":"https:\/\/informativoelvalledeaguascalientes.online\/index.php?rest_route=\/wp\/v2\/media\/74107"}],"wp:attachment":[{"href":"https:\/\/informativoelvalledeaguascalientes.online\/index.php?rest_route=%2Fwp%2Fv2%2Fmedia&parent=74106"}],"wp:term":[{"taxonomy":"category","embeddable":true,"href":"https:\/\/informativoelvalledeaguascalientes.online\/index.php?rest_route=%2Fwp%2Fv2%2Fcategories&post=74106"},{"taxonomy":"post_tag","embeddable":true,"href":"https:\/\/informativoelvalledeaguascalientes.online\/index.php?rest_route=%2Fwp%2Fv2%2Ftags&post=74106"}],"curies":[{"name":"wp","href":"https:\/\/api.w.org\/{rel}","templated":true}]}}