{"id":74088,"date":"2025-07-28T12:59:01","date_gmt":"2025-07-28T18:59:01","guid":{"rendered":"https:\/\/informativoelvalledeaguascalientes.online\/?p=74088"},"modified":"2025-07-28T12:59:01","modified_gmt":"2025-07-28T18:59:01","slug":"mas-de-12-mil-personas-vivieron-historica-presentacion-de-los-elegantes-de-jerez-en-chicahuales","status":"publish","type":"post","link":"https:\/\/informativoelvalledeaguascalientes.online\/?p=74088","title":{"rendered":"M\u00c1S DE 12 MIL PERSONAS VIVIERON HIST\u00d3RICA PRESENTACI\u00d3N DE LOS ELEGANTES DE JEREZ EN CHICAHUALES"},"content":{"rendered":"<p class=\"p1\">#informativoelvalledeaguascalientes<span class=\"Apple-converted-space\">\u00a0 <\/span>#novaradioaguascalientes #informativoelvalledeaguascalientesll #Aguascalientes<\/p>\n<p>&nbsp;<\/p>\n<p>&nbsp;<\/p>\n<p>Con m\u00e1s de 12 mil asistentes y en un ambiente de fiesta total, Los Elegantes de Jerez ofrecieron una presentaci\u00f3n inolvidable en el foro Tecate, justo el mero d\u00eda de la Feria de los Chicahuales, en honor a Santiago Ap\u00f3stol.<\/p>\n<p>La agrupaci\u00f3n interactu\u00f3 de principio a fin con su p\u00fablico, que core\u00f3 todos sus \u00e9xitos. Como sorpresa especial, subi\u00f3 al escenario el Grupo Reactor, desatando a\u00fan m\u00e1s la energ\u00eda y convirtiendo el concierto en una aut\u00e9ntica fiesta.<\/p>\n<p>En el escenario, los Elegantes de Jerez mencionaron que era su \u00faltima presentaci\u00f3n &#8220;Este es el \u00faltimo evento donde vamos a estar todos juntos, y hay que disfrutarlo&#8221;, expres\u00f3 uno de sus vocalistas, confirmado as\u00ed el cierre de una etapa para la agrupaci\u00f3n.<\/p>\n<p>La noche del 25 de julio quedar\u00e1 en la memoria de miles como un concierto hist\u00f3rico, lleno de m\u00fasica y un emotivo adi\u00f3s de Los Elegantes de Jerez en la feria de los Chicahuales.<\/p>\n","protected":false},"excerpt":{"rendered":"<p>#informativoelvalledeaguascalientes\u00a0 #novaradioaguascalientes #informativoelvalledeaguascalientesll #Aguascalientes &nbsp; &nbsp; Con m\u00e1s de 12 mil asistentes y en un ambiente de fiesta total, Los Elegantes de Jerez ofrecieron una presentaci\u00f3n inolvidable en el foro Tecate, justo el mero d\u00eda de la Feria de los Chicahuales, en honor a Santiago Ap\u00f3stol. La agrupaci\u00f3n interactu\u00f3 de principio a fin con su [&hellip;]<\/p>\n","protected":false},"author":1,"featured_media":74089,"comment_status":"closed","ping_status":"open","sticky":false,"template":"","format":"standard","meta":{"advanced_seo_description":"","jetpack_seo_html_title":"","jetpack_seo_noindex":false,"_jetpack_memberships_contains_paid_content":false,"footnotes":"","jetpack_publicize_message":"","jetpack_publicize_feature_enabled":true,"jetpack_social_post_already_shared":true,"jetpack_social_options":{"image_generator_settings":{"template":"highway","default_image_id":0,"font":"","enabled":false},"version":2}},"categories":[21,14],"tags":[22,45],"class_list":["post-74088","post","type-post","status-publish","format-standard","has-post-thumbnail","hentry","category-aguascalientes","category-jesus-maria-aguascalientes","tag-aguascalientes","tag-jesus-maria-aguascalientes"],"jetpack_publicize_connections":[],"jetpack_featured_media_url":"https:\/\/i0.wp.com\/informativoelvalledeaguascalientes.online\/wp-content\/uploads\/2025\/07\/c2444a5c-79a7-45db-bf6d-448e092ddcf7.jpg?fit=1600%2C1068&ssl=1","jetpack-related-posts":[],"jetpack_sharing_enabled":true,"jetpack_likes_enabled":true,"_links":{"self":[{"href":"https:\/\/informativoelvalledeaguascalientes.online\/index.php?rest_route=\/wp\/v2\/posts\/74088","targetHints":{"allow":["GET"]}}],"collection":[{"href":"https:\/\/informativoelvalledeaguascalientes.online\/index.php?rest_route=\/wp\/v2\/posts"}],"about":[{"href":"https:\/\/informativoelvalledeaguascalientes.online\/index.php?rest_route=\/wp\/v2\/types\/post"}],"author":[{"embeddable":true,"href":"https:\/\/informativoelvalledeaguascalientes.online\/index.php?rest_route=\/wp\/v2\/users\/1"}],"replies":[{"embeddable":true,"href":"https:\/\/informativoelvalledeaguascalientes.online\/index.php?rest_route=%2Fwp%2Fv2%2Fcomments&post=74088"}],"version-history":[{"count":1,"href":"https:\/\/informativoelvalledeaguascalientes.online\/index.php?rest_route=\/wp\/v2\/posts\/74088\/revisions"}],"predecessor-version":[{"id":74090,"href":"https:\/\/informativoelvalledeaguascalientes.online\/index.php?rest_route=\/wp\/v2\/posts\/74088\/revisions\/74090"}],"wp:featuredmedia":[{"embeddable":true,"href":"https:\/\/informativoelvalledeaguascalientes.online\/index.php?rest_route=\/wp\/v2\/media\/74089"}],"wp:attachment":[{"href":"https:\/\/informativoelvalledeaguascalientes.online\/index.php?rest_route=%2Fwp%2Fv2%2Fmedia&parent=74088"}],"wp:term":[{"taxonomy":"category","embeddable":true,"href":"https:\/\/informativoelvalledeaguascalientes.online\/index.php?rest_route=%2Fwp%2Fv2%2Fcategories&post=74088"},{"taxonomy":"post_tag","embeddable":true,"href":"https:\/\/informativoelvalledeaguascalientes.online\/index.php?rest_route=%2Fwp%2Fv2%2Ftags&post=74088"}],"curies":[{"name":"wp","href":"https:\/\/api.w.org\/{rel}","templated":true}]}}